{"id":22110,"date":"2017-12-20T07:00:02","date_gmt":"2017-12-20T09:00:02","guid":{"rendered":"http:\/\/www.portalmantena.com.br\/novo\/?p=22110"},"modified":"2017-12-20T16:12:55","modified_gmt":"2017-12-20T18:12:55","slug":"amigos-se-reencontrando-em-mantena-anos80amigos","status":"publish","type":"post","link":"http:\/\/www.portalmantena.com.br\/novo\/?p=22110","title":{"rendered":"Amigos se reencontrando em Mantena, anos80amigos"},"content":{"rendered":"<p><a href=\"http:\/\/www.portalmantena.com.br\/novo\/wp-content\/uploads\/2017\/12\/vi201217festa.jpg\"><img loading=\"lazy\" class=\"alignnone size-full wp-image-22112\" src=\"http:\/\/www.portalmantena.com.br\/novo\/wp-content\/uploads\/2017\/12\/vi201217festa.jpg\" alt=\"\" width=\"700\" height=\"450\" srcset=\"http:\/\/www.portalmantena.com.br\/novo\/wp-content\/uploads\/2017\/12\/vi201217festa.jpg 700w, http:\/\/www.portalmantena.com.br\/novo\/wp-content\/uploads\/2017\/12\/vi201217festa-300x193.jpg 300w, http:\/\/www.portalmantena.com.br\/novo\/wp-content\/uploads\/2017\/12\/vi201217festa-696x447.jpg 696w, http:\/\/www.portalmantena.com.br\/novo\/wp-content\/uploads\/2017\/12\/vi201217festa-653x420.jpg 653w\" sizes=\"(max-width: 700px) 100vw, 700px\" \/><\/a><\/p>\n<p><span style=\"font-size: 14pt;\">Amigos j\u00e1 est\u00e3o chegando em Mantena para participar da Festa Anos80amigos, um evento fechado que acontecer\u00e1 na cidade neste s\u00e1bado dia 23. <\/span><\/p>\n<p><span style=\"font-size: 14pt;\">Muito bom rever alguns deles como o Beto, e o Vitinho (filho do conhecido e saudoso Professor Victor Campos Queiroz). <\/span><\/p>\n<p><span style=\"font-size: 14pt;\">Ainda chegar\u00e3o outros amigos para compartilhar deste momento especial em Mantena, festa que promete em alegria e descontra\u00e7\u00e3o.<\/span><\/p>\n","protected":false},"excerpt":{"rendered":"<p>Amigos j\u00e1 est\u00e3o chegando em Mantena para participar da Festa Anos80amigos, um evento fechado que acontecer\u00e1 na cidade neste s\u00e1bado dia 23. Muito bom rever alguns deles como o Beto, e o Vitinho (filho do conhecido e saudoso Professor Victor Campos Queiroz). Ainda chegar\u00e3o outros amigos para compartilhar deste momento especial em Mantena, festa que [&hellip;]<\/p>\n","protected":false},"author":1,"featured_media":22112,"comment_status":"open","ping_status":"open","sticky":false,"template":"","format":"standard","meta":[],"categories":[7],"tags":[],"_links":{"self":[{"href":"http:\/\/www.portalmantena.com.br\/novo\/index.php?rest_route=\/wp\/v2\/posts\/22110"}],"collection":[{"href":"http:\/\/www.portalmantena.com.br\/novo\/index.php?rest_route=\/wp\/v2\/posts"}],"about":[{"href":"http:\/\/www.portalmantena.com.br\/novo\/index.php?rest_route=\/wp\/v2\/types\/post"}],"author":[{"embeddable":true,"href":"http:\/\/www.portalmantena.com.br\/novo\/index.php?rest_route=\/wp\/v2\/users\/1"}],"replies":[{"embeddable":true,"href":"http:\/\/www.portalmantena.com.br\/novo\/index.php?rest_route=%2Fwp%2Fv2%2Fcomments&post=22110"}],"version-history":[{"count":1,"href":"http:\/\/www.portalmantena.com.br\/novo\/index.php?rest_route=\/wp\/v2\/posts\/22110\/revisions"}],"predecessor-version":[{"id":22113,"href":"http:\/\/www.portalmantena.com.br\/novo\/index.php?rest_route=\/wp\/v2\/posts\/22110\/revisions\/22113"}],"wp:featuredmedia":[{"embeddable":true,"href":"http:\/\/www.portalmantena.com.br\/novo\/index.php?rest_route=\/wp\/v2\/media\/22112"}],"wp:attachment":[{"href":"http:\/\/www.portalmantena.com.br\/novo\/index.php?rest_route=%2Fwp%2Fv2%2Fmedia&parent=22110"}],"wp:term":[{"taxonomy":"category","embeddable":true,"href":"http:\/\/www.portalmantena.com.br\/novo\/index.php?rest_route=%2Fwp%2Fv2%2Fcategories&post=22110"},{"taxonomy":"post_tag","embeddable":true,"href":"http:\/\/www.portalmantena.com.br\/novo\/index.php?rest_route=%2Fwp%2Fv2%2Ftags&post=22110"}],"curies":[{"name":"wp","href":"https:\/\/api.w.org\/{rel}","templated":true}]}}