{"id":2211,"date":"2017-03-06T16:37:14","date_gmt":"2017-03-06T16:37:14","guid":{"rendered":"http:\/\/www.portalmantena.com.br\/novo\/?p=2211"},"modified":"2017-03-08T14:29:00","modified_gmt":"2017-03-08T14:29:00","slug":"homem-e-assassinado-quando-estava-sentado-na-calcada-em-central-de-minas","status":"publish","type":"post","link":"http:\/\/www.portalmantena.com.br\/novo\/?p=2211","title":{"rendered":"Homem \u00e9 assassinado quando estava sentado na cal\u00e7ada em Central de Minas"},"content":{"rendered":"<p><a href=\"http:\/\/www.portalmantena.com.br\/novo\/wp-content\/uploads\/2017\/03\/no060317arma.jpg\"><img loading=\"lazy\" class=\"alignnone size-full wp-image-2212\" src=\"http:\/\/www.portalmantena.com.br\/novo\/wp-content\/uploads\/2017\/03\/no060317arma.jpg\" alt=\"\" width=\"700\" height=\"450\" srcset=\"http:\/\/www.portalmantena.com.br\/novo\/wp-content\/uploads\/2017\/03\/no060317arma.jpg 700w, http:\/\/www.portalmantena.com.br\/novo\/wp-content\/uploads\/2017\/03\/no060317arma-300x193.jpg 300w, http:\/\/www.portalmantena.com.br\/novo\/wp-content\/uploads\/2017\/03\/no060317arma-696x447.jpg 696w, http:\/\/www.portalmantena.com.br\/novo\/wp-content\/uploads\/2017\/03\/no060317arma-653x420.jpg 653w\" sizes=\"(max-width: 700px) 100vw, 700px\" \/><\/a><\/p>\n<p><span style=\"font-size: 14pt;\">Um assassinato foi registrado na cidade de Central de Minas neste domingo dia 5 de mar\u00e7o. Segundo informa\u00e7\u00f5es, um homem de 40 anos foi morto a tiros pr\u00f3ximo de um local onde acontecia um vel\u00f3rio, no centro da cidade. De acordo com testemunhas, dois homens em uma motocicleta se aproximaram da v\u00edtima, que estava sentada na cal\u00e7ada com outros amigos. <\/span><\/p>\n<p><span style=\"font-size: 14pt;\">Os homens chegaram atirando e al\u00e9m do homem de 40 anos que morreu no local, seu amigo foi atingido de rasp\u00e3o no bra\u00e7o. A pol\u00edcia militar fez rastreamento para tentar descobrir a autoria e motiva\u00e7\u00e3o do crime, no entanto at\u00e9 o fechamento desta mat\u00e9ria nada havia sido descoberto.<\/span><\/p>\n<p><span style=\"font-size: 14pt;\"> O corpo da v\u00edtima foi encaminhado para o IML de Governador Valadares.(foto ilustrativa)<\/span><\/p>\n","protected":false},"excerpt":{"rendered":"<p>Um assassinato foi registrado na cidade de Central de Minas neste domingo dia 5 de mar\u00e7o. Segundo informa\u00e7\u00f5es, um homem de 40 anos foi morto a tiros pr\u00f3ximo de um local onde acontecia um vel\u00f3rio, no centro da cidade. De acordo com testemunhas, dois homens em uma motocicleta se aproximaram da v\u00edtima, que estava sentada [&hellip;]<\/p>\n","protected":false},"author":1,"featured_media":2212,"comment_status":"open","ping_status":"open","sticky":false,"template":"","format":"standard","meta":[],"categories":[11,34],"tags":[],"_links":{"self":[{"href":"http:\/\/www.portalmantena.com.br\/novo\/index.php?rest_route=\/wp\/v2\/posts\/2211"}],"collection":[{"href":"http:\/\/www.portalmantena.com.br\/novo\/index.php?rest_route=\/wp\/v2\/posts"}],"about":[{"href":"http:\/\/www.portalmantena.com.br\/novo\/index.php?rest_route=\/wp\/v2\/types\/post"}],"author":[{"embeddable":true,"href":"http:\/\/www.portalmantena.com.br\/novo\/index.php?rest_route=\/wp\/v2\/users\/1"}],"replies":[{"embeddable":true,"href":"http:\/\/www.portalmantena.com.br\/novo\/index.php?rest_route=%2Fwp%2Fv2%2Fcomments&post=2211"}],"version-history":[{"count":2,"href":"http:\/\/www.portalmantena.com.br\/novo\/index.php?rest_route=\/wp\/v2\/posts\/2211\/revisions"}],"predecessor-version":[{"id":2383,"href":"http:\/\/www.portalmantena.com.br\/novo\/index.php?rest_route=\/wp\/v2\/posts\/2211\/revisions\/2383"}],"wp:featuredmedia":[{"embeddable":true,"href":"http:\/\/www.portalmantena.com.br\/novo\/index.php?rest_route=\/wp\/v2\/media\/2212"}],"wp:attachment":[{"href":"http:\/\/www.portalmantena.com.br\/novo\/index.php?rest_route=%2Fwp%2Fv2%2Fmedia&parent=2211"}],"wp:term":[{"taxonomy":"category","embeddable":true,"href":"http:\/\/www.portalmantena.com.br\/novo\/index.php?rest_route=%2Fwp%2Fv2%2Fcategories&post=2211"},{"taxonomy":"post_tag","embeddable":true,"href":"http:\/\/www.portalmantena.com.br\/novo\/index.php?rest_route=%2Fwp%2Fv2%2Ftags&post=2211"}],"curies":[{"name":"wp","href":"https:\/\/api.w.org\/{rel}","templated":true}]}}