{"id":22107,"date":"2017-12-21T05:26:38","date_gmt":"2017-12-21T07:26:38","guid":{"rendered":"http:\/\/www.portalmantena.com.br\/novo\/?p=22107"},"modified":"2017-12-22T09:48:38","modified_gmt":"2017-12-22T11:48:38","slug":"chegada-do-papai-noel-em-mantena-neste-sabado","status":"publish","type":"post","link":"http:\/\/www.portalmantena.com.br\/novo\/?p=22107","title":{"rendered":"Chegada do Papai Noel em Mantena neste s\u00e1bado"},"content":{"rendered":"<p><a href=\"http:\/\/www.portalmantena.com.br\/novo\/wp-content\/uploads\/2017\/09\/logono2.jpg\"><img loading=\"lazy\" class=\"alignnone size-full wp-image-16882\" src=\"http:\/\/www.portalmantena.com.br\/novo\/wp-content\/uploads\/2017\/09\/logono2.jpg\" alt=\"\" width=\"700\" height=\"40\" srcset=\"http:\/\/www.portalmantena.com.br\/novo\/wp-content\/uploads\/2017\/09\/logono2.jpg 700w, http:\/\/www.portalmantena.com.br\/novo\/wp-content\/uploads\/2017\/09\/logono2-300x17.jpg 300w, http:\/\/www.portalmantena.com.br\/novo\/wp-content\/uploads\/2017\/09\/logono2-696x40.jpg 696w\" sizes=\"(max-width: 700px) 100vw, 700px\" \/><\/a><a href=\"http:\/\/www.portalmantena.com.br\/novo\/wp-content\/uploads\/2017\/12\/no201217natal.jpg\"><img loading=\"lazy\" class=\"alignnone size-full wp-image-22108\" src=\"http:\/\/www.portalmantena.com.br\/novo\/wp-content\/uploads\/2017\/12\/no201217natal.jpg\" alt=\"\" width=\"700\" height=\"450\" srcset=\"http:\/\/www.portalmantena.com.br\/novo\/wp-content\/uploads\/2017\/12\/no201217natal.jpg 700w, http:\/\/www.portalmantena.com.br\/novo\/wp-content\/uploads\/2017\/12\/no201217natal-300x193.jpg 300w, http:\/\/www.portalmantena.com.br\/novo\/wp-content\/uploads\/2017\/12\/no201217natal-696x447.jpg 696w, http:\/\/www.portalmantena.com.br\/novo\/wp-content\/uploads\/2017\/12\/no201217natal-653x420.jpg 653w\" sizes=\"(max-width: 700px) 100vw, 700px\" \/><\/a><\/p>\n<p><span style=\"font-size: 14pt;\">O pr\u00f3ximo s\u00e1bado dia 23 de Dezembro ser\u00e1 de festa no centro em Mantena com a chegada do Papai Noel e ainda doendes. <\/span><\/p>\n<p><span style=\"font-size: 14pt;\">A festa realizada pela Capi Eventos com o apoio social da prefeitura, atrav\u00e9s da Secretaria de ind\u00fastria e com\u00e9rcio, acontecer\u00e1 a partir das 18 horas com um Mega palco, com som e ilumina\u00e7\u00e3o montados na pra\u00e7a Fernandes Filho no centro da cidade. <\/span><\/p>\n<p><span style=\"font-size: 14pt;\">Na programa\u00e7\u00e3o da festa show ao vivo com Marc\u00e3o voz e viol\u00e3o, sorteio de mais de 150 brindes e ainda um concurso de beleza, Garota Com\u00e9rcio 2017. Toda popula\u00e7\u00e3o mantenense est\u00e1 sendo convidada a participar.<\/span><\/p>\n","protected":false},"excerpt":{"rendered":"<p>O pr\u00f3ximo s\u00e1bado dia 23 de Dezembro ser\u00e1 de festa no centro em Mantena com a chegada do Papai Noel e ainda doendes. A festa realizada pela Capi Eventos com o apoio social da prefeitura, atrav\u00e9s da Secretaria de ind\u00fastria e com\u00e9rcio, acontecer\u00e1 a partir das 18 horas com um Mega palco, com som e [&hellip;]<\/p>\n","protected":false},"author":1,"featured_media":22108,"comment_status":"open","ping_status":"open","sticky":false,"template":"","format":"standard","meta":[],"categories":[36,11],"tags":[],"_links":{"self":[{"href":"http:\/\/www.portalmantena.com.br\/novo\/index.php?rest_route=\/wp\/v2\/posts\/22107"}],"collection":[{"href":"http:\/\/www.portalmantena.com.br\/novo\/index.php?rest_route=\/wp\/v2\/posts"}],"about":[{"href":"http:\/\/www.portalmantena.com.br\/novo\/index.php?rest_route=\/wp\/v2\/types\/post"}],"author":[{"embeddable":true,"href":"http:\/\/www.portalmantena.com.br\/novo\/index.php?rest_route=\/wp\/v2\/users\/1"}],"replies":[{"embeddable":true,"href":"http:\/\/www.portalmantena.com.br\/novo\/index.php?rest_route=%2Fwp%2Fv2%2Fcomments&post=22107"}],"version-history":[{"count":1,"href":"http:\/\/www.portalmantena.com.br\/novo\/index.php?rest_route=\/wp\/v2\/posts\/22107\/revisions"}],"predecessor-version":[{"id":22109,"href":"http:\/\/www.portalmantena.com.br\/novo\/index.php?rest_route=\/wp\/v2\/posts\/22107\/revisions\/22109"}],"wp:featuredmedia":[{"embeddable":true,"href":"http:\/\/www.portalmantena.com.br\/novo\/index.php?rest_route=\/wp\/v2\/media\/22108"}],"wp:attachment":[{"href":"http:\/\/www.portalmantena.com.br\/novo\/index.php?rest_route=%2Fwp%2Fv2%2Fmedia&parent=22107"}],"wp:term":[{"taxonomy":"category","embeddable":true,"href":"http:\/\/www.portalmantena.com.br\/novo\/index.php?rest_route=%2Fwp%2Fv2%2Fcategories&post=22107"},{"taxonomy":"post_tag","embeddable":true,"href":"http:\/\/www.portalmantena.com.br\/novo\/index.php?rest_route=%2Fwp%2Fv2%2Ftags&post=22107"}],"curies":[{"name":"wp","href":"https:\/\/api.w.org\/{rel}","templated":true}]}}