{"id":22093,"date":"2017-12-20T15:02:38","date_gmt":"2017-12-20T17:02:38","guid":{"rendered":"http:\/\/www.portalmantena.com.br\/novo\/?p=22093"},"modified":"2017-12-20T15:02:38","modified_gmt":"2017-12-20T17:02:38","slug":"asilo-de-sao-francisco-recebe-hortalicas-produzidas-por-detentos","status":"publish","type":"post","link":"http:\/\/www.portalmantena.com.br\/novo\/?p=22093","title":{"rendered":"Asilo de S\u00e3o Francisco recebe hortali\u00e7as produzidas por detentos"},"content":{"rendered":"<p><a href=\"http:\/\/www.portalmantena.com.br\/novo\/wp-content\/uploads\/2017\/12\/no201217asilo.jpg\"><img loading=\"lazy\" class=\"alignnone size-full wp-image-22094\" src=\"http:\/\/www.portalmantena.com.br\/novo\/wp-content\/uploads\/2017\/12\/no201217asilo.jpg\" alt=\"\" width=\"700\" height=\"450\" srcset=\"http:\/\/www.portalmantena.com.br\/novo\/wp-content\/uploads\/2017\/12\/no201217asilo.jpg 700w, http:\/\/www.portalmantena.com.br\/novo\/wp-content\/uploads\/2017\/12\/no201217asilo-300x193.jpg 300w, http:\/\/www.portalmantena.com.br\/novo\/wp-content\/uploads\/2017\/12\/no201217asilo-696x447.jpg 696w, http:\/\/www.portalmantena.com.br\/novo\/wp-content\/uploads\/2017\/12\/no201217asilo-653x420.jpg 653w\" sizes=\"(max-width: 700px) 100vw, 700px\" \/><\/a><\/p>\n<p><span style=\"font-size: 14pt;\">Oito caixas de hortali\u00e7as cultivadas por internos da Penitenci\u00e1ria Regional de Barra de S\u00e3o Francisco (PRBSF) foram doadas, na \u00faltima semana, para a casa de repouso \u201cDavid Jos\u00e9 Rodrigues\u201d, que abriga idosos da regi\u00e3o de Barra de S\u00e3o Francisco. <\/span><\/p>\n<p><span style=\"font-size: 14pt;\">Atualmente, quatro internos participam do cultivo da horta na unidade. Alface, couve e cebolinha estavam entre os produtos que foram entregues \u00e0 institui\u00e7\u00e3o por servidores da penitenci\u00e1ria. <\/span><\/p>\n<p><span style=\"font-size: 14pt;\">O grupo de internos trabalha de forma volunt\u00e1ria, mas tem direito \u00e0 remi\u00e7\u00e3o da pena. A cada tr\u00eas dias de trabalho, um dia \u00e9 reduzido da pena a ser cumprida. <\/span><\/p>\n<p><span style=\"font-size: 14pt;\">O diretor da unidade, Makssuel Delevidove, ressaltou a import\u00e2ncia do cultivo da horta para os internos e para as institui\u00e7\u00f5es beneficiadas com as doa\u00e7\u00f5es. \u201cO cultivo de hortali\u00e7as possui fun\u00e7\u00e3o terap\u00eautica no contexto prisional, aumenta a consci\u00eancia ambiental do interno e contribui no seu processo de ressocializa\u00e7\u00e3o. <\/span><\/p>\n<p><span style=\"font-size: 14pt;\">Al\u00e9m disso, tudo que \u00e9 produzido por esses internos \u00e9 doado para institui\u00e7\u00f5es filantr\u00f3picas, que precisam de doa\u00e7\u00f5es como esta, para que seu funcionamento seja mantido\u201d. (fonte:Sejus\/ES\/ Texto:PaulaRomanha).<\/span><\/p>\n","protected":false},"excerpt":{"rendered":"<p>Oito caixas de hortali\u00e7as cultivadas por internos da Penitenci\u00e1ria Regional de Barra de S\u00e3o Francisco (PRBSF) foram doadas, na \u00faltima semana, para a casa de repouso \u201cDavid Jos\u00e9 Rodrigues\u201d, que abriga idosos da regi\u00e3o de Barra de S\u00e3o Francisco. Atualmente, quatro internos participam do cultivo da horta na unidade. Alface, couve e cebolinha estavam entre [&hellip;]<\/p>\n","protected":false},"author":1,"featured_media":22094,"comment_status":"open","ping_status":"open","sticky":false,"template":"","format":"standard","meta":[],"categories":[11,39],"tags":[],"_links":{"self":[{"href":"http:\/\/www.portalmantena.com.br\/novo\/index.php?rest_route=\/wp\/v2\/posts\/22093"}],"collection":[{"href":"http:\/\/www.portalmantena.com.br\/novo\/index.php?rest_route=\/wp\/v2\/posts"}],"about":[{"href":"http:\/\/www.portalmantena.com.br\/novo\/index.php?rest_route=\/wp\/v2\/types\/post"}],"author":[{"embeddable":true,"href":"http:\/\/www.portalmantena.com.br\/novo\/index.php?rest_route=\/wp\/v2\/users\/1"}],"replies":[{"embeddable":true,"href":"http:\/\/www.portalmantena.com.br\/novo\/index.php?rest_route=%2Fwp%2Fv2%2Fcomments&post=22093"}],"version-history":[{"count":1,"href":"http:\/\/www.portalmantena.com.br\/novo\/index.php?rest_route=\/wp\/v2\/posts\/22093\/revisions"}],"predecessor-version":[{"id":22095,"href":"http:\/\/www.portalmantena.com.br\/novo\/index.php?rest_route=\/wp\/v2\/posts\/22093\/revisions\/22095"}],"wp:featuredmedia":[{"embeddable":true,"href":"http:\/\/www.portalmantena.com.br\/novo\/index.php?rest_route=\/wp\/v2\/media\/22094"}],"wp:attachment":[{"href":"http:\/\/www.portalmantena.com.br\/novo\/index.php?rest_route=%2Fwp%2Fv2%2Fmedia&parent=22093"}],"wp:term":[{"taxonomy":"category","embeddable":true,"href":"http:\/\/www.portalmantena.com.br\/novo\/index.php?rest_route=%2Fwp%2Fv2%2Fcategories&post=22093"},{"taxonomy":"post_tag","embeddable":true,"href":"http:\/\/www.portalmantena.com.br\/novo\/index.php?rest_route=%2Fwp%2Fv2%2Ftags&post=22093"}],"curies":[{"name":"wp","href":"https:\/\/api.w.org\/{rel}","templated":true}]}}