{"id":22090,"date":"2017-12-20T13:30:44","date_gmt":"2017-12-20T15:30:44","guid":{"rendered":"http:\/\/www.portalmantena.com.br\/novo\/?p=22090"},"modified":"2017-12-20T13:30:44","modified_gmt":"2017-12-20T15:30:44","slug":"mantena-f-c-joga-pelo-regional-de-sao-gerando-no-sabado","status":"publish","type":"post","link":"http:\/\/www.portalmantena.com.br\/novo\/?p=22090","title":{"rendered":"Mantena F.C. joga pelo Regional de S\u00e3o Gerando no s\u00e1bado"},"content":{"rendered":"<p><a href=\"http:\/\/www.portalmantena.com.br\/novo\/wp-content\/uploads\/2017\/09\/logono2.jpg\"><img loading=\"lazy\" class=\"alignnone size-full wp-image-16882\" src=\"http:\/\/www.portalmantena.com.br\/novo\/wp-content\/uploads\/2017\/09\/logono2.jpg\" alt=\"\" width=\"700\" height=\"40\" srcset=\"http:\/\/www.portalmantena.com.br\/novo\/wp-content\/uploads\/2017\/09\/logono2.jpg 700w, http:\/\/www.portalmantena.com.br\/novo\/wp-content\/uploads\/2017\/09\/logono2-300x17.jpg 300w, http:\/\/www.portalmantena.com.br\/novo\/wp-content\/uploads\/2017\/09\/logono2-696x40.jpg 696w\" sizes=\"(max-width: 700px) 100vw, 700px\" \/><\/a><a href=\"http:\/\/www.portalmantena.com.br\/novo\/wp-content\/uploads\/2017\/12\/no201217futebol.jpg\"><img loading=\"lazy\" class=\"alignnone size-full wp-image-22091\" src=\"http:\/\/www.portalmantena.com.br\/novo\/wp-content\/uploads\/2017\/12\/no201217futebol.jpg\" alt=\"\" width=\"700\" height=\"450\" srcset=\"http:\/\/www.portalmantena.com.br\/novo\/wp-content\/uploads\/2017\/12\/no201217futebol.jpg 700w, http:\/\/www.portalmantena.com.br\/novo\/wp-content\/uploads\/2017\/12\/no201217futebol-300x193.jpg 300w, http:\/\/www.portalmantena.com.br\/novo\/wp-content\/uploads\/2017\/12\/no201217futebol-696x447.jpg 696w, http:\/\/www.portalmantena.com.br\/novo\/wp-content\/uploads\/2017\/12\/no201217futebol-653x420.jpg 653w\" sizes=\"(max-width: 700px) 100vw, 700px\" \/><\/a><\/p>\n<p><span style=\"font-size: 14pt;\">Em jogo v\u00e1lido pelo Regional de S\u00e3o Geraldo de Manten\u00f3polis, a dire\u00e7\u00e3o da equipe do Mantena Futebol Clube convoca seus atletas para a partida que acontecer\u00e1 no pr\u00f3ximo s\u00e1bado dia 23 de Dezembro, diante do time do Rionovense. <\/span><\/p>\n<p><span style=\"font-size: 14pt;\">O jogo ser\u00e1 realizado a partir das 15 horas. A equipe sair\u00e1 de Mantena \u00e0s 14 horas do Posto Gentil, lembrando que uma vit\u00f3ria j\u00e1 garante o time na pr\u00f3xima fase da competi\u00e7\u00e3o de forma antecipada. <\/span><\/p>\n<p><span style=\"font-size: 14pt;\">Os convocados s\u00e3o: Luciano Oliberto, Victor Oakis, Diogo, Samuell, Marcos Vin\u00edcius, Bruninho, Rafael Prudente, Mateus Henrique, Alexsander, Rodrigo Souza, Ramoniere, Marcelo Chico, Charles Jesus, Mazinho da HONDA, F\u00e1bio Meneguce, Bruno Wagner e Lucas dos Reis. <\/span><\/p>\n<p><span style=\"font-size: 14pt;\">A torcida mantenense tamb\u00e9m est\u00e1 sendo esperada para apoiar o time neste desafio.<\/span><\/p>\n","protected":false},"excerpt":{"rendered":"<p>Em jogo v\u00e1lido pelo Regional de S\u00e3o Geraldo de Manten\u00f3polis, a dire\u00e7\u00e3o da equipe do Mantena Futebol Clube convoca seus atletas para a partida que acontecer\u00e1 no pr\u00f3ximo s\u00e1bado dia 23 de Dezembro, diante do time do Rionovense. O jogo ser\u00e1 realizado a partir das 15 horas. A equipe sair\u00e1 de Mantena \u00e0s 14 horas [&hellip;]<\/p>\n","protected":false},"author":1,"featured_media":22091,"comment_status":"open","ping_status":"open","sticky":false,"template":"","format":"standard","meta":[],"categories":[22],"tags":[],"_links":{"self":[{"href":"http:\/\/www.portalmantena.com.br\/novo\/index.php?rest_route=\/wp\/v2\/posts\/22090"}],"collection":[{"href":"http:\/\/www.portalmantena.com.br\/novo\/index.php?rest_route=\/wp\/v2\/posts"}],"about":[{"href":"http:\/\/www.portalmantena.com.br\/novo\/index.php?rest_route=\/wp\/v2\/types\/post"}],"author":[{"embeddable":true,"href":"http:\/\/www.portalmantena.com.br\/novo\/index.php?rest_route=\/wp\/v2\/users\/1"}],"replies":[{"embeddable":true,"href":"http:\/\/www.portalmantena.com.br\/novo\/index.php?rest_route=%2Fwp%2Fv2%2Fcomments&post=22090"}],"version-history":[{"count":1,"href":"http:\/\/www.portalmantena.com.br\/novo\/index.php?rest_route=\/wp\/v2\/posts\/22090\/revisions"}],"predecessor-version":[{"id":22092,"href":"http:\/\/www.portalmantena.com.br\/novo\/index.php?rest_route=\/wp\/v2\/posts\/22090\/revisions\/22092"}],"wp:featuredmedia":[{"embeddable":true,"href":"http:\/\/www.portalmantena.com.br\/novo\/index.php?rest_route=\/wp\/v2\/media\/22091"}],"wp:attachment":[{"href":"http:\/\/www.portalmantena.com.br\/novo\/index.php?rest_route=%2Fwp%2Fv2%2Fmedia&parent=22090"}],"wp:term":[{"taxonomy":"category","embeddable":true,"href":"http:\/\/www.portalmantena.com.br\/novo\/index.php?rest_route=%2Fwp%2Fv2%2Fcategories&post=22090"},{"taxonomy":"post_tag","embeddable":true,"href":"http:\/\/www.portalmantena.com.br\/novo\/index.php?rest_route=%2Fwp%2Fv2%2Ftags&post=22090"}],"curies":[{"name":"wp","href":"https:\/\/api.w.org\/{rel}","templated":true}]}}