{"id":22086,"date":"2017-12-20T11:07:08","date_gmt":"2017-12-20T13:07:08","guid":{"rendered":"http:\/\/www.portalmantena.com.br\/novo\/?p=22086"},"modified":"2017-12-20T11:07:08","modified_gmt":"2017-12-20T13:07:08","slug":"confraternizacao-entre-logistas-e-funcionarios-em-mantena","status":"publish","type":"post","link":"http:\/\/www.portalmantena.com.br\/novo\/?p=22086","title":{"rendered":"Confraterniza\u00e7\u00e3o entre logistas e funcion\u00e1rios em Mantena"},"content":{"rendered":"<p><a href=\"http:\/\/www.portalmantena.com.br\/novo\/wp-content\/uploads\/2017\/12\/vi201217rua.jpg\"><img loading=\"lazy\" class=\"alignnone size-full wp-image-22087\" src=\"http:\/\/www.portalmantena.com.br\/novo\/wp-content\/uploads\/2017\/12\/vi201217rua.jpg\" alt=\"\" width=\"700\" height=\"450\" srcset=\"http:\/\/www.portalmantena.com.br\/novo\/wp-content\/uploads\/2017\/12\/vi201217rua.jpg 700w, http:\/\/www.portalmantena.com.br\/novo\/wp-content\/uploads\/2017\/12\/vi201217rua-300x193.jpg 300w, http:\/\/www.portalmantena.com.br\/novo\/wp-content\/uploads\/2017\/12\/vi201217rua-696x447.jpg 696w, http:\/\/www.portalmantena.com.br\/novo\/wp-content\/uploads\/2017\/12\/vi201217rua-653x420.jpg 653w\" sizes=\"(max-width: 700px) 100vw, 700px\" \/><\/a><\/p>\n<p><span style=\"font-size: 14pt;\">Um grupo de amigas empres\u00e1rias mantenenses, que possuem suas lojas em um trecho da avenida Get\u00falio Vargas no centro da cidade se reuniram esta semana para um momento de confraterniza\u00e7\u00e3o. <\/span><\/p>\n<p><span style=\"font-size: 14pt;\">Sempre em sintonia com o que acontece na cidade durante o ano, elas se re\u00fanem inclusive em datas especiais como anivers\u00e1rios, e o Natal. E comemorando este momento a noite foi especial inclusive com a participa\u00e7\u00e3o de seus colaboradores e funcion\u00e1rios. <\/span><\/p>\n<p><span style=\"font-size: 14pt;\">Um momento de divers\u00e3o, alegria e descontra\u00e7\u00e3o, muito bom para o relacionamento e o conv\u00edvio que foi muito bom durante o ano de 2017 e promete ser ainda melhor em 2018.<\/span><\/p>\n","protected":false},"excerpt":{"rendered":"<p>Um grupo de amigas empres\u00e1rias mantenenses, que possuem suas lojas em um trecho da avenida Get\u00falio Vargas no centro da cidade se reuniram esta semana para um momento de confraterniza\u00e7\u00e3o. Sempre em sintonia com o que acontece na cidade durante o ano, elas se re\u00fanem inclusive em datas especiais como anivers\u00e1rios, e o Natal. E [&hellip;]<\/p>\n","protected":false},"author":1,"featured_media":22087,"comment_status":"open","ping_status":"open","sticky":false,"template":"","format":"standard","meta":[],"categories":[7],"tags":[],"_links":{"self":[{"href":"http:\/\/www.portalmantena.com.br\/novo\/index.php?rest_route=\/wp\/v2\/posts\/22086"}],"collection":[{"href":"http:\/\/www.portalmantena.com.br\/novo\/index.php?rest_route=\/wp\/v2\/posts"}],"about":[{"href":"http:\/\/www.portalmantena.com.br\/novo\/index.php?rest_route=\/wp\/v2\/types\/post"}],"author":[{"embeddable":true,"href":"http:\/\/www.portalmantena.com.br\/novo\/index.php?rest_route=\/wp\/v2\/users\/1"}],"replies":[{"embeddable":true,"href":"http:\/\/www.portalmantena.com.br\/novo\/index.php?rest_route=%2Fwp%2Fv2%2Fcomments&post=22086"}],"version-history":[{"count":1,"href":"http:\/\/www.portalmantena.com.br\/novo\/index.php?rest_route=\/wp\/v2\/posts\/22086\/revisions"}],"predecessor-version":[{"id":22088,"href":"http:\/\/www.portalmantena.com.br\/novo\/index.php?rest_route=\/wp\/v2\/posts\/22086\/revisions\/22088"}],"wp:featuredmedia":[{"embeddable":true,"href":"http:\/\/www.portalmantena.com.br\/novo\/index.php?rest_route=\/wp\/v2\/media\/22087"}],"wp:attachment":[{"href":"http:\/\/www.portalmantena.com.br\/novo\/index.php?rest_route=%2Fwp%2Fv2%2Fmedia&parent=22086"}],"wp:term":[{"taxonomy":"category","embeddable":true,"href":"http:\/\/www.portalmantena.com.br\/novo\/index.php?rest_route=%2Fwp%2Fv2%2Fcategories&post=22086"},{"taxonomy":"post_tag","embeddable":true,"href":"http:\/\/www.portalmantena.com.br\/novo\/index.php?rest_route=%2Fwp%2Fv2%2Ftags&post=22086"}],"curies":[{"name":"wp","href":"https:\/\/api.w.org\/{rel}","templated":true}]}}