{"id":22075,"date":"2017-12-20T20:19:51","date_gmt":"2017-12-20T22:19:51","guid":{"rendered":"http:\/\/www.portalmantena.com.br\/novo\/?p=22075"},"modified":"2017-12-20T09:23:36","modified_gmt":"2017-12-20T11:23:36","slug":"maconha-cocaina-e-balanca-apreendida-pela-pm-em-mantena","status":"publish","type":"post","link":"http:\/\/www.portalmantena.com.br\/novo\/?p=22075","title":{"rendered":"Maconha, coca\u00edna e balan\u00e7a apreendida pela PM em Mantena"},"content":{"rendered":"<p><a href=\"http:\/\/www.portalmantena.com.br\/novo\/wp-content\/uploads\/2017\/12\/no201217droga3.jpg\"><img loading=\"lazy\" class=\"alignnone size-full wp-image-22079\" src=\"http:\/\/www.portalmantena.com.br\/novo\/wp-content\/uploads\/2017\/12\/no201217droga3.jpg\" alt=\"\" width=\"700\" height=\"450\" srcset=\"http:\/\/www.portalmantena.com.br\/novo\/wp-content\/uploads\/2017\/12\/no201217droga3.jpg 700w, http:\/\/www.portalmantena.com.br\/novo\/wp-content\/uploads\/2017\/12\/no201217droga3-300x193.jpg 300w, http:\/\/www.portalmantena.com.br\/novo\/wp-content\/uploads\/2017\/12\/no201217droga3-696x447.jpg 696w, http:\/\/www.portalmantena.com.br\/novo\/wp-content\/uploads\/2017\/12\/no201217droga3-653x420.jpg 653w\" sizes=\"(max-width: 700px) 100vw, 700px\" \/><\/a><\/p>\n<p><span style=\"font-size: 14pt;\">A pol\u00edcia militar em Mantena continua no empenho combatendo ocorr\u00eancias envolvendo drogas na cidade. <\/span><\/p>\n<p><span style=\"font-size: 14pt;\">Na tarde desta ter\u00e7a-feira dia 19 de Dezembro, policiais chegaram at\u00e9 uma resid\u00eancia no bairro Alvorada onde na casa do suspeito foram apreendidos 01 kg de \u00c1cido B\u00f3rico (usado para preparar o crack), 01 tablete pequeno de Maconha, 01 papelote de coca\u00edna e 01 balan\u00e7a de precis\u00e3o. <\/span><\/p>\n<p><span style=\"font-size: 14pt;\">O autor n\u00e3o foi localizado, por\u00e9m durante as buscas na casa um menor de 17 anos, chegou no local portando um pequeno tablete de Maconha e foi apreendido em flagrante.<\/span><br \/>\n<span style=\"font-size: 14pt;\"> O material apreendido foi encaminhado para a Delegacia em Governador Valadares. (fonte\/foto:PM)<\/span><\/p>\n","protected":false},"excerpt":{"rendered":"<p>A pol\u00edcia militar em Mantena continua no empenho combatendo ocorr\u00eancias envolvendo drogas na cidade. Na tarde desta ter\u00e7a-feira dia 19 de Dezembro, policiais chegaram at\u00e9 uma resid\u00eancia no bairro Alvorada onde na casa do suspeito foram apreendidos 01 kg de \u00c1cido B\u00f3rico (usado para preparar o crack), 01 tablete pequeno de Maconha, 01 papelote de [&hellip;]<\/p>\n","protected":false},"author":1,"featured_media":22079,"comment_status":"open","ping_status":"open","sticky":false,"template":"","format":"standard","meta":[],"categories":[11,34],"tags":[],"_links":{"self":[{"href":"http:\/\/www.portalmantena.com.br\/novo\/index.php?rest_route=\/wp\/v2\/posts\/22075"}],"collection":[{"href":"http:\/\/www.portalmantena.com.br\/novo\/index.php?rest_route=\/wp\/v2\/posts"}],"about":[{"href":"http:\/\/www.portalmantena.com.br\/novo\/index.php?rest_route=\/wp\/v2\/types\/post"}],"author":[{"embeddable":true,"href":"http:\/\/www.portalmantena.com.br\/novo\/index.php?rest_route=\/wp\/v2\/users\/1"}],"replies":[{"embeddable":true,"href":"http:\/\/www.portalmantena.com.br\/novo\/index.php?rest_route=%2Fwp%2Fv2%2Fcomments&post=22075"}],"version-history":[{"count":1,"href":"http:\/\/www.portalmantena.com.br\/novo\/index.php?rest_route=\/wp\/v2\/posts\/22075\/revisions"}],"predecessor-version":[{"id":22080,"href":"http:\/\/www.portalmantena.com.br\/novo\/index.php?rest_route=\/wp\/v2\/posts\/22075\/revisions\/22080"}],"wp:featuredmedia":[{"embeddable":true,"href":"http:\/\/www.portalmantena.com.br\/novo\/index.php?rest_route=\/wp\/v2\/media\/22079"}],"wp:attachment":[{"href":"http:\/\/www.portalmantena.com.br\/novo\/index.php?rest_route=%2Fwp%2Fv2%2Fmedia&parent=22075"}],"wp:term":[{"taxonomy":"category","embeddable":true,"href":"http:\/\/www.portalmantena.com.br\/novo\/index.php?rest_route=%2Fwp%2Fv2%2Fcategories&post=22075"},{"taxonomy":"post_tag","embeddable":true,"href":"http:\/\/www.portalmantena.com.br\/novo\/index.php?rest_route=%2Fwp%2Fv2%2Ftags&post=22075"}],"curies":[{"name":"wp","href":"https:\/\/api.w.org\/{rel}","templated":true}]}}