{"id":22033,"date":"2017-12-19T13:53:15","date_gmt":"2017-12-19T15:53:15","guid":{"rendered":"http:\/\/www.portalmantena.com.br\/novo\/?p=22033"},"modified":"2017-12-19T13:53:15","modified_gmt":"2017-12-19T15:53:15","slug":"vereador-confirma-um-trator-agricola-para-mantena","status":"publish","type":"post","link":"http:\/\/www.portalmantena.com.br\/novo\/?p=22033","title":{"rendered":"Vereador confirma um Trator Agr\u00edcola para Mantena"},"content":{"rendered":"<p><a href=\"http:\/\/www.portalmantena.com.br\/novo\/wp-content\/uploads\/2017\/12\/no191217trator.jpg\"><img loading=\"lazy\" class=\"alignnone size-full wp-image-22035\" src=\"http:\/\/www.portalmantena.com.br\/novo\/wp-content\/uploads\/2017\/12\/no191217trator.jpg\" alt=\"\" width=\"700\" height=\"450\" srcset=\"http:\/\/www.portalmantena.com.br\/novo\/wp-content\/uploads\/2017\/12\/no191217trator.jpg 700w, http:\/\/www.portalmantena.com.br\/novo\/wp-content\/uploads\/2017\/12\/no191217trator-300x193.jpg 300w, http:\/\/www.portalmantena.com.br\/novo\/wp-content\/uploads\/2017\/12\/no191217trator-696x447.jpg 696w, http:\/\/www.portalmantena.com.br\/novo\/wp-content\/uploads\/2017\/12\/no191217trator-653x420.jpg 653w\" sizes=\"(max-width: 700px) 100vw, 700px\" \/><\/a><\/p>\n<p><span style=\"font-size: 14pt;\">O vereador Paulo Mariano, o conhecido Paulinho do Loteamento vem trabalhando bastante neste seu primeiro ano em que exerce o mandato de legislador em Mantena. <\/span><\/p>\n<p><span style=\"font-size: 14pt;\">Um trabalho que n\u00e3o acontece apenas no munic\u00edpio mas que ganhou outras fronteiras como as viagens \u00e0 capital mineira e os pedidos feitos a deputados, todos em busca e recursos para o munic\u00edpio e que auxiliem na melhoria da qualidade de vida dos mantenenses. <\/span><\/p>\n<p><span style=\"font-size: 14pt;\">Uma de suas conquistas recentes foi a de um trator agr\u00edcola para atender a zona rural do munic\u00edpio mantenense. De acordo com o vereador, o pedido feito foi aprovado e at\u00e9 noticiado pelo pr\u00f3prio deputado estadual L\u00e9o Portela em sua visita \u00e0 Mantena. <\/span><\/p>\n<p><span style=\"font-size: 14pt;\">Ali\u00e1s, um Deputado que j\u00e1 enviou outros recursos para o munic\u00edpio e que pretende (segundo ele mesmo disse), ser um amigo de Mantena.<\/span><\/p>\n<p><span style=\"font-size: 14pt;\">Em uma emenda do parlamentar, ele concedeu um recurso no valor de R$ 130 mil que ser\u00e1 revertido na aquisi\u00e7\u00e3o deste trator, que dever\u00e1 ser entregue at\u00e9 o pr\u00f3ximo m\u00eas de mar\u00e7o de 2018. Este \u00e9 apenas um dos benef\u00edcios, uma vez que Mantena tamb\u00e9m receber\u00e1 recursos para investimento em pavimenta\u00e7\u00e3o. <\/span><\/p>\n<p><span style=\"font-size: 14pt;\">S\u00e3o conquistas assim que esperamos ver com mais frequ\u00eancia em Mantena, a\u00e7\u00f5es que a popula\u00e7\u00e3o espera ansiosa, e que sejam empregadas em prol da comunidade.<\/span><\/p>\n<p><a href=\"http:\/\/www.portalmantena.com.br\/novo\/wp-content\/uploads\/2017\/12\/no191217trator2.jpg\"><img loading=\"lazy\" class=\"alignnone size-full wp-image-22036\" src=\"http:\/\/www.portalmantena.com.br\/novo\/wp-content\/uploads\/2017\/12\/no191217trator2.jpg\" alt=\"\" width=\"700\" height=\"450\" srcset=\"http:\/\/www.portalmantena.com.br\/novo\/wp-content\/uploads\/2017\/12\/no191217trator2.jpg 700w, http:\/\/www.portalmantena.com.br\/novo\/wp-content\/uploads\/2017\/12\/no191217trator2-300x193.jpg 300w, http:\/\/www.portalmantena.com.br\/novo\/wp-content\/uploads\/2017\/12\/no191217trator2-696x447.jpg 696w, http:\/\/www.portalmantena.com.br\/novo\/wp-content\/uploads\/2017\/12\/no191217trator2-653x420.jpg 653w\" sizes=\"(max-width: 700px) 100vw, 700px\" \/><\/a><\/p>\n","protected":false},"excerpt":{"rendered":"<p>O vereador Paulo Mariano, o conhecido Paulinho do Loteamento vem trabalhando bastante neste seu primeiro ano em que exerce o mandato de legislador em Mantena. Um trabalho que n\u00e3o acontece apenas no munic\u00edpio mas que ganhou outras fronteiras como as viagens \u00e0 capital mineira e os pedidos feitos a deputados, todos em busca e recursos [&hellip;]<\/p>\n","protected":false},"author":1,"featured_media":22035,"comment_status":"open","ping_status":"open","sticky":false,"template":"","format":"standard","meta":[],"categories":[36,11],"tags":[],"_links":{"self":[{"href":"http:\/\/www.portalmantena.com.br\/novo\/index.php?rest_route=\/wp\/v2\/posts\/22033"}],"collection":[{"href":"http:\/\/www.portalmantena.com.br\/novo\/index.php?rest_route=\/wp\/v2\/posts"}],"about":[{"href":"http:\/\/www.portalmantena.com.br\/novo\/index.php?rest_route=\/wp\/v2\/types\/post"}],"author":[{"embeddable":true,"href":"http:\/\/www.portalmantena.com.br\/novo\/index.php?rest_route=\/wp\/v2\/users\/1"}],"replies":[{"embeddable":true,"href":"http:\/\/www.portalmantena.com.br\/novo\/index.php?rest_route=%2Fwp%2Fv2%2Fcomments&post=22033"}],"version-history":[{"count":1,"href":"http:\/\/www.portalmantena.com.br\/novo\/index.php?rest_route=\/wp\/v2\/posts\/22033\/revisions"}],"predecessor-version":[{"id":22037,"href":"http:\/\/www.portalmantena.com.br\/novo\/index.php?rest_route=\/wp\/v2\/posts\/22033\/revisions\/22037"}],"wp:featuredmedia":[{"embeddable":true,"href":"http:\/\/www.portalmantena.com.br\/novo\/index.php?rest_route=\/wp\/v2\/media\/22035"}],"wp:attachment":[{"href":"http:\/\/www.portalmantena.com.br\/novo\/index.php?rest_route=%2Fwp%2Fv2%2Fmedia&parent=22033"}],"wp:term":[{"taxonomy":"category","embeddable":true,"href":"http:\/\/www.portalmantena.com.br\/novo\/index.php?rest_route=%2Fwp%2Fv2%2Fcategories&post=22033"},{"taxonomy":"post_tag","embeddable":true,"href":"http:\/\/www.portalmantena.com.br\/novo\/index.php?rest_route=%2Fwp%2Fv2%2Ftags&post=22033"}],"curies":[{"name":"wp","href":"https:\/\/api.w.org\/{rel}","templated":true}]}}