{"id":22029,"date":"2017-12-20T01:03:37","date_gmt":"2017-12-20T03:03:37","guid":{"rendered":"http:\/\/www.portalmantena.com.br\/novo\/?p=22029"},"modified":"2017-12-19T13:37:01","modified_gmt":"2017-12-19T15:37:01","slug":"musical-de-natal-da-pib-em-mantena-espera-por-voce","status":"publish","type":"post","link":"http:\/\/www.portalmantena.com.br\/novo\/?p=22029","title":{"rendered":"Musical de Natal da PIB em Mantena espera por voc\u00ea"},"content":{"rendered":"<p><a href=\"http:\/\/www.portalmantena.com.br\/novo\/wp-content\/uploads\/2017\/09\/logono2.jpg\"><img loading=\"lazy\" class=\"alignnone size-full wp-image-16882\" src=\"http:\/\/www.portalmantena.com.br\/novo\/wp-content\/uploads\/2017\/09\/logono2.jpg\" alt=\"\" width=\"700\" height=\"40\" srcset=\"http:\/\/www.portalmantena.com.br\/novo\/wp-content\/uploads\/2017\/09\/logono2.jpg 700w, http:\/\/www.portalmantena.com.br\/novo\/wp-content\/uploads\/2017\/09\/logono2-300x17.jpg 300w, http:\/\/www.portalmantena.com.br\/novo\/wp-content\/uploads\/2017\/09\/logono2-696x40.jpg 696w\" sizes=\"(max-width: 700px) 100vw, 700px\" \/><\/a><a href=\"http:\/\/www.portalmantena.com.br\/novo\/wp-content\/uploads\/2017\/12\/no191217natal.jpg\"><img loading=\"lazy\" class=\"alignnone size-full wp-image-22030\" src=\"http:\/\/www.portalmantena.com.br\/novo\/wp-content\/uploads\/2017\/12\/no191217natal.jpg\" alt=\"\" width=\"700\" height=\"450\" srcset=\"http:\/\/www.portalmantena.com.br\/novo\/wp-content\/uploads\/2017\/12\/no191217natal.jpg 700w, http:\/\/www.portalmantena.com.br\/novo\/wp-content\/uploads\/2017\/12\/no191217natal-300x193.jpg 300w, http:\/\/www.portalmantena.com.br\/novo\/wp-content\/uploads\/2017\/12\/no191217natal-696x447.jpg 696w, http:\/\/www.portalmantena.com.br\/novo\/wp-content\/uploads\/2017\/12\/no191217natal-653x420.jpg 653w\" sizes=\"(max-width: 700px) 100vw, 700px\" \/><\/a><\/p>\n<p><span style=\"font-size: 14pt;\">Mais um grande e importante evento ser\u00e1 realizado pela Primeira Igreja Batista de Mantena, nas comemora\u00e7\u00f5es do Natal e fim de ano na cidade. Neste Natal, um belo musical ser\u00e1 apresentado nos dias 24 e 25 de Dezembro (domingo e segunda-feira), a partir das 19h30\u2019. <\/span><\/p>\n<p><span style=\"font-size: 14pt;\">O musical ser\u00e1 apresentado pela \u00c1rvore Viva que canta o Natal, e o tema deste ano ser\u00e1 \u201cNoite de Esperan\u00e7a\u201d. Venha celebrar, \u00e0quele que \u00e9 o verdadeiro motivo do Natal: Jesus Cristo! O templo da Primeira Igreja Batista de Mantena est\u00e1 situado \u00e0 avenida Get\u00falio Vargas,350 no centro da cidade.<\/span><\/p>\n","protected":false},"excerpt":{"rendered":"<p>Mais um grande e importante evento ser\u00e1 realizado pela Primeira Igreja Batista de Mantena, nas comemora\u00e7\u00f5es do Natal e fim de ano na cidade. Neste Natal, um belo musical ser\u00e1 apresentado nos dias 24 e 25 de Dezembro (domingo e segunda-feira), a partir das 19h30\u2019. O musical ser\u00e1 apresentado pela \u00c1rvore Viva que canta o [&hellip;]<\/p>\n","protected":false},"author":1,"featured_media":22030,"comment_status":"open","ping_status":"open","sticky":false,"template":"","format":"standard","meta":[],"categories":[36,12],"tags":[],"_links":{"self":[{"href":"http:\/\/www.portalmantena.com.br\/novo\/index.php?rest_route=\/wp\/v2\/posts\/22029"}],"collection":[{"href":"http:\/\/www.portalmantena.com.br\/novo\/index.php?rest_route=\/wp\/v2\/posts"}],"about":[{"href":"http:\/\/www.portalmantena.com.br\/novo\/index.php?rest_route=\/wp\/v2\/types\/post"}],"author":[{"embeddable":true,"href":"http:\/\/www.portalmantena.com.br\/novo\/index.php?rest_route=\/wp\/v2\/users\/1"}],"replies":[{"embeddable":true,"href":"http:\/\/www.portalmantena.com.br\/novo\/index.php?rest_route=%2Fwp%2Fv2%2Fcomments&post=22029"}],"version-history":[{"count":1,"href":"http:\/\/www.portalmantena.com.br\/novo\/index.php?rest_route=\/wp\/v2\/posts\/22029\/revisions"}],"predecessor-version":[{"id":22031,"href":"http:\/\/www.portalmantena.com.br\/novo\/index.php?rest_route=\/wp\/v2\/posts\/22029\/revisions\/22031"}],"wp:featuredmedia":[{"embeddable":true,"href":"http:\/\/www.portalmantena.com.br\/novo\/index.php?rest_route=\/wp\/v2\/media\/22030"}],"wp:attachment":[{"href":"http:\/\/www.portalmantena.com.br\/novo\/index.php?rest_route=%2Fwp%2Fv2%2Fmedia&parent=22029"}],"wp:term":[{"taxonomy":"category","embeddable":true,"href":"http:\/\/www.portalmantena.com.br\/novo\/index.php?rest_route=%2Fwp%2Fv2%2Fcategories&post=22029"},{"taxonomy":"post_tag","embeddable":true,"href":"http:\/\/www.portalmantena.com.br\/novo\/index.php?rest_route=%2Fwp%2Fv2%2Ftags&post=22029"}],"curies":[{"name":"wp","href":"https:\/\/api.w.org\/{rel}","templated":true}]}}