{"id":22019,"date":"2017-12-19T10:16:00","date_gmt":"2017-12-19T12:16:00","guid":{"rendered":"http:\/\/www.portalmantena.com.br\/novo\/?p=22019"},"modified":"2017-12-19T10:16:00","modified_gmt":"2017-12-19T12:16:00","slug":"ladrao-entra-pelo-porta-malas-e-rouba-carteira-dentro-do-carro","status":"publish","type":"post","link":"http:\/\/www.portalmantena.com.br\/novo\/?p=22019","title":{"rendered":"Ladr\u00e3o entra pelo porta-malas e rouba carteira dentro do carro"},"content":{"rendered":"<p><a href=\"http:\/\/www.portalmantena.com.br\/novo\/wp-content\/uploads\/2017\/12\/no051217bike.jpg\"><img loading=\"lazy\" class=\"alignnone size-full wp-image-22020\" src=\"http:\/\/www.portalmantena.com.br\/novo\/wp-content\/uploads\/2017\/12\/no051217bike.jpg\" alt=\"\" width=\"700\" height=\"450\" srcset=\"http:\/\/www.portalmantena.com.br\/novo\/wp-content\/uploads\/2017\/12\/no051217bike.jpg 700w, http:\/\/www.portalmantena.com.br\/novo\/wp-content\/uploads\/2017\/12\/no051217bike-300x193.jpg 300w, http:\/\/www.portalmantena.com.br\/novo\/wp-content\/uploads\/2017\/12\/no051217bike-696x447.jpg 696w, http:\/\/www.portalmantena.com.br\/novo\/wp-content\/uploads\/2017\/12\/no051217bike-653x420.jpg 653w\" sizes=\"(max-width: 700px) 100vw, 700px\" \/><\/a><\/p>\n<p><span style=\"font-size: 14pt;\">Um homem teve o seu ve\u00edculo VW Parati arrombado na noite deste \u00faltimo domingo (17), na Rua Sebasti\u00e3o Candido de Oliveira, no centro da cidade de Baixo Guandu. <\/span><\/p>\n<p><span style=\"font-size: 14pt;\">Segundo informa\u00e7\u00f5es, a v\u00edtima chegou na igreja por volta das 19h30\u2019 e ao retornar \u00e0s 21h30\u2019 at\u00e9 seu ve\u00edculo, percebeu que a carteira e o celular que estavam no porta-luvas, haviam sido furtados. <\/span><\/p>\n<p><span style=\"font-size: 14pt;\">O suspeito de cometer o arrombamento, teria retirado o \u201cmiolo\u201d da tranca do porta-malas para entrar no ve\u00edculo. Uma testemunha teria observado a a\u00e7\u00e3o do suspeito, tentando entrar no ve\u00edculo. <\/span><\/p>\n<p><span style=\"font-size: 14pt;\">O caso deve ser investigado pela Pol\u00edcia Civil de Baixo Guandu\/ES. (fonte:portalguandu).<\/span><\/p>\n","protected":false},"excerpt":{"rendered":"<p>Um homem teve o seu ve\u00edculo VW Parati arrombado na noite deste \u00faltimo domingo (17), na Rua Sebasti\u00e3o Candido de Oliveira, no centro da cidade de Baixo Guandu. Segundo informa\u00e7\u00f5es, a v\u00edtima chegou na igreja por volta das 19h30\u2019 e ao retornar \u00e0s 21h30\u2019 at\u00e9 seu ve\u00edculo, percebeu que a carteira e o celular que [&hellip;]<\/p>\n","protected":false},"author":1,"featured_media":22020,"comment_status":"open","ping_status":"open","sticky":false,"template":"","format":"standard","meta":[],"categories":[11,34],"tags":[],"_links":{"self":[{"href":"http:\/\/www.portalmantena.com.br\/novo\/index.php?rest_route=\/wp\/v2\/posts\/22019"}],"collection":[{"href":"http:\/\/www.portalmantena.com.br\/novo\/index.php?rest_route=\/wp\/v2\/posts"}],"about":[{"href":"http:\/\/www.portalmantena.com.br\/novo\/index.php?rest_route=\/wp\/v2\/types\/post"}],"author":[{"embeddable":true,"href":"http:\/\/www.portalmantena.com.br\/novo\/index.php?rest_route=\/wp\/v2\/users\/1"}],"replies":[{"embeddable":true,"href":"http:\/\/www.portalmantena.com.br\/novo\/index.php?rest_route=%2Fwp%2Fv2%2Fcomments&post=22019"}],"version-history":[{"count":1,"href":"http:\/\/www.portalmantena.com.br\/novo\/index.php?rest_route=\/wp\/v2\/posts\/22019\/revisions"}],"predecessor-version":[{"id":22021,"href":"http:\/\/www.portalmantena.com.br\/novo\/index.php?rest_route=\/wp\/v2\/posts\/22019\/revisions\/22021"}],"wp:featuredmedia":[{"embeddable":true,"href":"http:\/\/www.portalmantena.com.br\/novo\/index.php?rest_route=\/wp\/v2\/media\/22020"}],"wp:attachment":[{"href":"http:\/\/www.portalmantena.com.br\/novo\/index.php?rest_route=%2Fwp%2Fv2%2Fmedia&parent=22019"}],"wp:term":[{"taxonomy":"category","embeddable":true,"href":"http:\/\/www.portalmantena.com.br\/novo\/index.php?rest_route=%2Fwp%2Fv2%2Fcategories&post=22019"},{"taxonomy":"post_tag","embeddable":true,"href":"http:\/\/www.portalmantena.com.br\/novo\/index.php?rest_route=%2Fwp%2Fv2%2Ftags&post=22019"}],"curies":[{"name":"wp","href":"https:\/\/api.w.org\/{rel}","templated":true}]}}