{"id":22010,"date":"2017-12-18T22:40:13","date_gmt":"2017-12-19T00:40:13","guid":{"rendered":"http:\/\/www.portalmantena.com.br\/novo\/?p=22010"},"modified":"2017-12-18T16:48:56","modified_gmt":"2017-12-18T18:48:56","slug":"pm-ambiental-realiza-operacao-fiscalizacao-do-solo","status":"publish","type":"post","link":"http:\/\/www.portalmantena.com.br\/novo\/?p=22010","title":{"rendered":"PM Ambiental realiza opera\u00e7\u00e3o de fiscaliza\u00e7\u00e3o do solo"},"content":{"rendered":"<p><a href=\"http:\/\/www.portalmantena.com.br\/novo\/wp-content\/uploads\/2017\/12\/no181217pm2.jpg\"><img loading=\"lazy\" class=\"alignnone size-full wp-image-22011\" src=\"http:\/\/www.portalmantena.com.br\/novo\/wp-content\/uploads\/2017\/12\/no181217pm2.jpg\" alt=\"\" width=\"700\" height=\"450\" srcset=\"http:\/\/www.portalmantena.com.br\/novo\/wp-content\/uploads\/2017\/12\/no181217pm2.jpg 700w, http:\/\/www.portalmantena.com.br\/novo\/wp-content\/uploads\/2017\/12\/no181217pm2-300x193.jpg 300w, http:\/\/www.portalmantena.com.br\/novo\/wp-content\/uploads\/2017\/12\/no181217pm2-696x447.jpg 696w, http:\/\/www.portalmantena.com.br\/novo\/wp-content\/uploads\/2017\/12\/no181217pm2-653x420.jpg 653w\" sizes=\"(max-width: 700px) 100vw, 700px\" \/><\/a><\/p>\n<p><span style=\"font-size: 14pt;\">Entre os dias 16 a 18\/12, policiais militares da 3\u00aa Companhia do Batalh\u00e3o de Pol\u00edcia Militar Ambiental (BPMA) de S\u00e3o Mateus, agentes do Instituto de Defesa Agropecu\u00e1ria e Florestal do Esp\u00edrito Santo (IDAF) e do Instituto Estadual do Meio Ambiente e Recursos H\u00eddricos (IEMA) participaram de uma opera\u00e7\u00e3o conjunta.\u00a0<\/span><\/p>\n<p><span style=\"font-size: 14pt;\">Denominada \u201cOpera\u00e7\u00e3o Parcelamento Irregular do Solo II\u201d, a a\u00e7\u00e3o teve por objetivo intensificar o policiamento e fiscaliza\u00e7\u00e3o ambiental visando coibir o parcelamento irregular do solo e outros crimes ambientais na regi\u00e3o da Unidade de Conserva\u00e7\u00e3o APA de Concei\u00e7\u00e3o da Barra. <\/span><\/p>\n<p>&nbsp;<\/p>\n<p><span style=\"font-size: 14pt;\">Durante os trabalhos, encerrados no in\u00edcio da tarde de hoje (18), foram constatadas diversas irregularidades tais como: ocupa\u00e7\u00e3o e parcelamento irregular do solo; supress\u00e3o de vegeta\u00e7\u00e3o nativa; constru\u00e7\u00e3o de moradias e a comercializa\u00e7\u00e3o de fra\u00e7\u00f5es de glebas rurais; instala\u00e7\u00e3o e opera\u00e7\u00e3o de obras e servi\u00e7os potencialmente poluidores.\u00a0<\/span><\/p>\n<p><span style=\"font-size: 14pt;\"> Foram confeccionados, ainda, 40 autos por infra\u00e7\u00f5es ambientais diversas. Ao todo, participaram da opera\u00e7\u00e3o 20 militares da 3\u00aa Companhia do BPMA, seis agentes do IEMA e dois agente do IDAF. <\/span><\/p>\n<p><span style=\"font-size: 14pt;\">De acordo com a legisla\u00e7\u00e3o ambiental brasileira, \u00c1rea de Prote\u00e7\u00e3o Ambiental (APA) \u00e9 aquela destinada \u00e0 preserva\u00e7\u00e3o dos recursos ambientais (fauna, flora, solo e recursos h\u00eddricos). Uma \u00e1rea de prote\u00e7\u00e3o ambiental pode apenas ter uso sustent\u00e1vel, ou seja, seu acesso, ocupa\u00e7\u00e3o e explora\u00e7\u00e3o devem ser controlados para n\u00e3o prejudicar o ecossistema da \u00e1rea. <\/span><\/p>\n<p><span style=\"font-size: 14pt;\">As \u00e1reas de prote\u00e7\u00e3o ambiental podem ter posse e dom\u00ednios p\u00fablico ou privado. Por\u00e9m, cabe aos \u00f3rg\u00e3os governamentais a fiscaliza\u00e7\u00e3o da ocupa\u00e7\u00e3o e explora\u00e7\u00e3o destas \u00e1reas.\u00a0<\/span><\/p>\n","protected":false},"excerpt":{"rendered":"<p>Entre os dias 16 a 18\/12, policiais militares da 3\u00aa Companhia do Batalh\u00e3o de Pol\u00edcia Militar Ambiental (BPMA) de S\u00e3o Mateus, agentes do Instituto de Defesa Agropecu\u00e1ria e Florestal do Esp\u00edrito Santo (IDAF) e do Instituto Estadual do Meio Ambiente e Recursos H\u00eddricos (IEMA) participaram de uma opera\u00e7\u00e3o conjunta.\u00a0 Denominada \u201cOpera\u00e7\u00e3o Parcelamento Irregular do Solo [&hellip;]<\/p>\n","protected":false},"author":1,"featured_media":22011,"comment_status":"open","ping_status":"open","sticky":false,"template":"","format":"standard","meta":[],"categories":[11,34],"tags":[],"_links":{"self":[{"href":"http:\/\/www.portalmantena.com.br\/novo\/index.php?rest_route=\/wp\/v2\/posts\/22010"}],"collection":[{"href":"http:\/\/www.portalmantena.com.br\/novo\/index.php?rest_route=\/wp\/v2\/posts"}],"about":[{"href":"http:\/\/www.portalmantena.com.br\/novo\/index.php?rest_route=\/wp\/v2\/types\/post"}],"author":[{"embeddable":true,"href":"http:\/\/www.portalmantena.com.br\/novo\/index.php?rest_route=\/wp\/v2\/users\/1"}],"replies":[{"embeddable":true,"href":"http:\/\/www.portalmantena.com.br\/novo\/index.php?rest_route=%2Fwp%2Fv2%2Fcomments&post=22010"}],"version-history":[{"count":2,"href":"http:\/\/www.portalmantena.com.br\/novo\/index.php?rest_route=\/wp\/v2\/posts\/22010\/revisions"}],"predecessor-version":[{"id":22013,"href":"http:\/\/www.portalmantena.com.br\/novo\/index.php?rest_route=\/wp\/v2\/posts\/22010\/revisions\/22013"}],"wp:featuredmedia":[{"embeddable":true,"href":"http:\/\/www.portalmantena.com.br\/novo\/index.php?rest_route=\/wp\/v2\/media\/22011"}],"wp:attachment":[{"href":"http:\/\/www.portalmantena.com.br\/novo\/index.php?rest_route=%2Fwp%2Fv2%2Fmedia&parent=22010"}],"wp:term":[{"taxonomy":"category","embeddable":true,"href":"http:\/\/www.portalmantena.com.br\/novo\/index.php?rest_route=%2Fwp%2Fv2%2Fcategories&post=22010"},{"taxonomy":"post_tag","embeddable":true,"href":"http:\/\/www.portalmantena.com.br\/novo\/index.php?rest_route=%2Fwp%2Fv2%2Ftags&post=22010"}],"curies":[{"name":"wp","href":"https:\/\/api.w.org\/{rel}","templated":true}]}}