{"id":220,"date":"2017-02-02T14:03:16","date_gmt":"2017-02-02T14:03:16","guid":{"rendered":"http:\/\/www.portalmantena.com.br\/novo\/?p=220"},"modified":"2017-02-02T14:03:16","modified_gmt":"2017-02-02T14:03:16","slug":"casal-mantenense-comemorando-15-anos-de-uniao","status":"publish","type":"post","link":"http:\/\/www.portalmantena.com.br\/novo\/?p=220","title":{"rendered":"Casal mantenense comemorando 15 anos de uni\u00e3o"},"content":{"rendered":"<p><a href=\"http:\/\/www.portalmantena.com.br\/novo\/wp-content\/uploads\/2017\/02\/vi020216casal.jpg\"><img loading=\"lazy\" class=\"alignnone size-full wp-image-206\" src=\"http:\/\/www.portalmantena.com.br\/novo\/wp-content\/uploads\/2017\/02\/vi020216casal.jpg\" alt=\"\" width=\"650\" height=\"420\" srcset=\"http:\/\/www.portalmantena.com.br\/novo\/wp-content\/uploads\/2017\/02\/vi020216casal.jpg 650w, http:\/\/www.portalmantena.com.br\/novo\/wp-content\/uploads\/2017\/02\/vi020216casal-300x194.jpg 300w\" sizes=\"(max-width: 650px) 100vw, 650px\" \/><\/a><\/p>\n<p><span style=\"font-size: 14pt;\">&gt;&gt;&gt; Os nossos amigos, o casal mantenense F\u00e1bio Duque &amp; Jane, comemoram nesta quinta-feira dia 02 de Fevereiro, 15 anos de vida conjugal. Uma data especial comemorada pelo casal e que os amigos desejam muitas felicidades. Um dia especial de gratid\u00e3o a Deus por esta uni\u00e3o desejando que as ben\u00e7\u00e3os continuem sobre esta bela fam\u00edlia.<\/span><\/p>\n","protected":false},"excerpt":{"rendered":"<p>&gt;&gt;&gt; Os nossos amigos, o casal mantenense F\u00e1bio Duque &amp; Jane, comemoram nesta quinta-feira dia 02 de Fevereiro, 15 anos de vida conjugal. Uma data especial comemorada pelo casal e que os amigos desejam muitas felicidades. Um dia especial de gratid\u00e3o a Deus por esta uni\u00e3o desejando que as ben\u00e7\u00e3os continuem sobre esta bela fam\u00edlia.<\/p>\n","protected":false},"author":1,"featured_media":206,"comment_status":"open","ping_status":"open","sticky":false,"template":"","format":"standard","meta":[],"categories":[7],"tags":[],"_links":{"self":[{"href":"http:\/\/www.portalmantena.com.br\/novo\/index.php?rest_route=\/wp\/v2\/posts\/220"}],"collection":[{"href":"http:\/\/www.portalmantena.com.br\/novo\/index.php?rest_route=\/wp\/v2\/posts"}],"about":[{"href":"http:\/\/www.portalmantena.com.br\/novo\/index.php?rest_route=\/wp\/v2\/types\/post"}],"author":[{"embeddable":true,"href":"http:\/\/www.portalmantena.com.br\/novo\/index.php?rest_route=\/wp\/v2\/users\/1"}],"replies":[{"embeddable":true,"href":"http:\/\/www.portalmantena.com.br\/novo\/index.php?rest_route=%2Fwp%2Fv2%2Fcomments&post=220"}],"version-history":[{"count":1,"href":"http:\/\/www.portalmantena.com.br\/novo\/index.php?rest_route=\/wp\/v2\/posts\/220\/revisions"}],"predecessor-version":[{"id":221,"href":"http:\/\/www.portalmantena.com.br\/novo\/index.php?rest_route=\/wp\/v2\/posts\/220\/revisions\/221"}],"wp:featuredmedia":[{"embeddable":true,"href":"http:\/\/www.portalmantena.com.br\/novo\/index.php?rest_route=\/wp\/v2\/media\/206"}],"wp:attachment":[{"href":"http:\/\/www.portalmantena.com.br\/novo\/index.php?rest_route=%2Fwp%2Fv2%2Fmedia&parent=220"}],"wp:term":[{"taxonomy":"category","embeddable":true,"href":"http:\/\/www.portalmantena.com.br\/novo\/index.php?rest_route=%2Fwp%2Fv2%2Fcategories&post=220"},{"taxonomy":"post_tag","embeddable":true,"href":"http:\/\/www.portalmantena.com.br\/novo\/index.php?rest_route=%2Fwp%2Fv2%2Ftags&post=220"}],"curies":[{"name":"wp","href":"https:\/\/api.w.org\/{rel}","templated":true}]}}