{"id":21954,"date":"2017-12-18T23:55:18","date_gmt":"2017-12-19T01:55:18","guid":{"rendered":"http:\/\/www.portalmantena.com.br\/novo\/?p=21954"},"modified":"2017-12-18T15:00:30","modified_gmt":"2017-12-18T17:00:30","slug":"prefeito-de-sao-felix-e-eleito-presidente-da-assoleste","status":"publish","type":"post","link":"http:\/\/www.portalmantena.com.br\/novo\/?p=21954","title":{"rendered":"Prefeito de S\u00e3o F\u00e9lix \u00e9 eleito presidente da Assoleste"},"content":{"rendered":"<p><a href=\"http:\/\/www.portalmantena.com.br\/novo\/wp-content\/uploads\/2017\/12\/no181217assoleste1.jpg\"><img loading=\"lazy\" class=\"alignnone size-full wp-image-21955\" src=\"http:\/\/www.portalmantena.com.br\/novo\/wp-content\/uploads\/2017\/12\/no181217assoleste1.jpg\" alt=\"\" width=\"700\" height=\"450\" srcset=\"http:\/\/www.portalmantena.com.br\/novo\/wp-content\/uploads\/2017\/12\/no181217assoleste1.jpg 700w, http:\/\/www.portalmantena.com.br\/novo\/wp-content\/uploads\/2017\/12\/no181217assoleste1-300x193.jpg 300w, http:\/\/www.portalmantena.com.br\/novo\/wp-content\/uploads\/2017\/12\/no181217assoleste1-696x447.jpg 696w, http:\/\/www.portalmantena.com.br\/novo\/wp-content\/uploads\/2017\/12\/no181217assoleste1-653x420.jpg 653w\" sizes=\"(max-width: 700px) 100vw, 700px\" \/><\/a><\/p>\n<p style=\"line-height: 19.5pt; background: white; margin: 0cm 0cm 19.5pt 0cm;\"><span style=\"font-size: 14.0pt; font-family: 'Verdana','sans-serif'; color: #222222;\">A Associa\u00e7\u00e3o dos Munic\u00edpios da Microrregi\u00e3o do M\u00e9dio Rio Doce (Assoleste) elegeu nesta quinta-feira, \u00e0s 14 horas, sua nova diretoria. <\/span><\/p>\n<p style=\"line-height: 19.5pt; background: white; margin: 0cm 0cm 19.5pt 0cm;\"><span style=\"font-size: 14.0pt; font-family: 'Verdana','sans-serif'; color: #222222;\">O prefeito de S\u00e3o F\u00e9lix de Minas, Cleudison Luiz da Silva, foi eleito presidente da associa\u00e7\u00e3o para a gest\u00e3o 2018. Ele substitui, a partir de 1\u00ba de janeiro, o atual presidente Edmo C\u00e9sar Feliciano Reis, ou Dego Reis, prefeito do munic\u00edpio de Itabirinha. <\/span><\/p>\n<p style=\"line-height: 19.5pt; background: white; margin: 0cm 0cm 19.5pt 0cm;\"><span style=\"font-size: 14.0pt; font-family: 'Verdana','sans-serif'; color: #222222;\">Tamb\u00e9m foram eleitos e empossados o prefeito de Divino das Laranjeiras, Romilson Alves, como 1\u00ba Vice-Presidente; o prefeito de Tumiritinga, Jos\u00e9 Paulo Bretas, como 2\u00ba Vice-Presidente; e o prefeito de Central de Minas, Otaviano Ferreira de Laia, como Secret\u00e1rio Geral. <\/span><\/p>\n<p style=\"line-height: 19.5pt; background: white; margin: 0cm 0cm 19.5pt 0cm;\"><span style=\"font-size: 14.0pt; font-family: 'Verdana','sans-serif'; color: #222222;\">Para o Conselho Fiscal foram eleitos Jo\u00e3o Rufino Sobrinho, prefeito de Mantena; Aymor\u00e9 Moreira da Silva, prefeito de Mendes Pimentel; Gentil Pereira da Silva, prefeito de S\u00e3o Jo\u00e3o do Manteninha; e Marcos Rog\u00e9rio da Silva, prefeito de S\u00e3o Jos\u00e9 do Divino. <\/span><\/p>\n<p style=\"line-height: 19.5pt; background: white; margin: 0cm 0cm 19.5pt 0cm;\"><span style=\"font-size: 14.0pt; font-family: 'Verdana','sans-serif'; color: #222222;\">\u00c0s 17 horas, ap\u00f3s a\u00a0cerim\u00f4nia de posse da nova diretoria da Assoleste, foi realizada a solenidade de entroniza\u00e7\u00e3o do retrato do presidente Dego Reis na Galeria de Fotos de Ex-Presidentes da entidade.<\/span><\/p>\n<p><a href=\"http:\/\/www.portalmantena.com.br\/novo\/wp-content\/uploads\/2017\/12\/no181217assoleste2.jpg\"><img loading=\"lazy\" class=\"alignnone size-full wp-image-21956\" src=\"http:\/\/www.portalmantena.com.br\/novo\/wp-content\/uploads\/2017\/12\/no181217assoleste2.jpg\" alt=\"\" width=\"700\" height=\"450\" srcset=\"http:\/\/www.portalmantena.com.br\/novo\/wp-content\/uploads\/2017\/12\/no181217assoleste2.jpg 700w, http:\/\/www.portalmantena.com.br\/novo\/wp-content\/uploads\/2017\/12\/no181217assoleste2-300x193.jpg 300w, http:\/\/www.portalmantena.com.br\/novo\/wp-content\/uploads\/2017\/12\/no181217assoleste2-696x447.jpg 696w, http:\/\/www.portalmantena.com.br\/novo\/wp-content\/uploads\/2017\/12\/no181217assoleste2-653x420.jpg 653w\" sizes=\"(max-width: 700px) 100vw, 700px\" \/><\/a> <a href=\"http:\/\/www.portalmantena.com.br\/novo\/wp-content\/uploads\/2017\/12\/no181217assoleste3.jpg\"><img loading=\"lazy\" class=\"alignnone size-full wp-image-21957\" src=\"http:\/\/www.portalmantena.com.br\/novo\/wp-content\/uploads\/2017\/12\/no181217assoleste3.jpg\" alt=\"\" width=\"700\" height=\"450\" srcset=\"http:\/\/www.portalmantena.com.br\/novo\/wp-content\/uploads\/2017\/12\/no181217assoleste3.jpg 700w, http:\/\/www.portalmantena.com.br\/novo\/wp-content\/uploads\/2017\/12\/no181217assoleste3-300x193.jpg 300w, http:\/\/www.portalmantena.com.br\/novo\/wp-content\/uploads\/2017\/12\/no181217assoleste3-696x447.jpg 696w, http:\/\/www.portalmantena.com.br\/novo\/wp-content\/uploads\/2017\/12\/no181217assoleste3-653x420.jpg 653w\" sizes=\"(max-width: 700px) 100vw, 700px\" \/><\/a> <a href=\"http:\/\/www.portalmantena.com.br\/novo\/wp-content\/uploads\/2017\/12\/no181217assoleste4.jpg\"><img loading=\"lazy\" class=\"alignnone size-full wp-image-21958\" src=\"http:\/\/www.portalmantena.com.br\/novo\/wp-content\/uploads\/2017\/12\/no181217assoleste4.jpg\" alt=\"\" width=\"700\" height=\"450\" srcset=\"http:\/\/www.portalmantena.com.br\/novo\/wp-content\/uploads\/2017\/12\/no181217assoleste4.jpg 700w, http:\/\/www.portalmantena.com.br\/novo\/wp-content\/uploads\/2017\/12\/no181217assoleste4-300x193.jpg 300w, http:\/\/www.portalmantena.com.br\/novo\/wp-content\/uploads\/2017\/12\/no181217assoleste4-696x447.jpg 696w, http:\/\/www.portalmantena.com.br\/novo\/wp-content\/uploads\/2017\/12\/no181217assoleste4-653x420.jpg 653w\" sizes=\"(max-width: 700px) 100vw, 700px\" \/><\/a><\/p>\n","protected":false},"excerpt":{"rendered":"<p>A Associa\u00e7\u00e3o dos Munic\u00edpios da Microrregi\u00e3o do M\u00e9dio Rio Doce (Assoleste) elegeu nesta quinta-feira, \u00e0s 14 horas, sua nova diretoria. O prefeito de S\u00e3o F\u00e9lix de Minas, Cleudison Luiz da Silva, foi eleito presidente da associa\u00e7\u00e3o para a gest\u00e3o 2018. Ele substitui, a partir de 1\u00ba de janeiro, o atual presidente Edmo C\u00e9sar Feliciano Reis, [&hellip;]<\/p>\n","protected":false},"author":1,"featured_media":21956,"comment_status":"open","ping_status":"open","sticky":false,"template":"","format":"standard","meta":[],"categories":[36,12],"tags":[],"_links":{"self":[{"href":"http:\/\/www.portalmantena.com.br\/novo\/index.php?rest_route=\/wp\/v2\/posts\/21954"}],"collection":[{"href":"http:\/\/www.portalmantena.com.br\/novo\/index.php?rest_route=\/wp\/v2\/posts"}],"about":[{"href":"http:\/\/www.portalmantena.com.br\/novo\/index.php?rest_route=\/wp\/v2\/types\/post"}],"author":[{"embeddable":true,"href":"http:\/\/www.portalmantena.com.br\/novo\/index.php?rest_route=\/wp\/v2\/users\/1"}],"replies":[{"embeddable":true,"href":"http:\/\/www.portalmantena.com.br\/novo\/index.php?rest_route=%2Fwp%2Fv2%2Fcomments&post=21954"}],"version-history":[{"count":1,"href":"http:\/\/www.portalmantena.com.br\/novo\/index.php?rest_route=\/wp\/v2\/posts\/21954\/revisions"}],"predecessor-version":[{"id":21959,"href":"http:\/\/www.portalmantena.com.br\/novo\/index.php?rest_route=\/wp\/v2\/posts\/21954\/revisions\/21959"}],"wp:featuredmedia":[{"embeddable":true,"href":"http:\/\/www.portalmantena.com.br\/novo\/index.php?rest_route=\/wp\/v2\/media\/21956"}],"wp:attachment":[{"href":"http:\/\/www.portalmantena.com.br\/novo\/index.php?rest_route=%2Fwp%2Fv2%2Fmedia&parent=21954"}],"wp:term":[{"taxonomy":"category","embeddable":true,"href":"http:\/\/www.portalmantena.com.br\/novo\/index.php?rest_route=%2Fwp%2Fv2%2Fcategories&post=21954"},{"taxonomy":"post_tag","embeddable":true,"href":"http:\/\/www.portalmantena.com.br\/novo\/index.php?rest_route=%2Fwp%2Fv2%2Ftags&post=21954"}],"curies":[{"name":"wp","href":"https:\/\/api.w.org\/{rel}","templated":true}]}}