{"id":2107,"date":"2017-03-03T15:53:12","date_gmt":"2017-03-03T15:53:12","guid":{"rendered":"http:\/\/www.portalmantena.com.br\/novo\/?p=2107"},"modified":"2017-03-03T15:53:12","modified_gmt":"2017-03-03T15:53:12","slug":"no-retorno-das-eliminatorias-o-tecnico-tite-divulga-lista-dos-convocados","status":"publish","type":"post","link":"http:\/\/www.portalmantena.com.br\/novo\/?p=2107","title":{"rendered":"No retorno das eliminat\u00f3rias, o t\u00e9cnico Tite divulga lista dos convocados"},"content":{"rendered":"<p><a href=\"http:\/\/www.portalmantena.com.br\/novo\/wp-content\/uploads\/2017\/03\/es030317brasil.jpg\"><img loading=\"lazy\" class=\"alignnone size-full wp-image-2108\" src=\"http:\/\/www.portalmantena.com.br\/novo\/wp-content\/uploads\/2017\/03\/es030317brasil.jpg\" alt=\"\" width=\"650\" height=\"420\" srcset=\"http:\/\/www.portalmantena.com.br\/novo\/wp-content\/uploads\/2017\/03\/es030317brasil.jpg 650w, http:\/\/www.portalmantena.com.br\/novo\/wp-content\/uploads\/2017\/03\/es030317brasil-300x194.jpg 300w\" sizes=\"(max-width: 650px) 100vw, 650px\" \/><\/a><\/p>\n<p><span style=\"color: #003366; font-size: 14pt;\">No retorno das eliminat\u00f3rias, o t\u00e9cnico Tite divulga lista dos convocados<\/span><\/p>\n<p><span style=\"font-size: 14pt;\">&gt;&gt;&gt;Destaque no \u00faltimo Campeonato Brasileiro e no come\u00e7o de temporada do Flamengo, Diego ter\u00e1 mais uma chance na sele\u00e7\u00e3o brasileira. Depois de participar do amistoso contra a Col\u00f4mbia, em janeiro, o meia foi novamente convocado pelo t\u00e9cnico Tite, que divulgou nesta sexta-feira a lista para os duelos contra Uruguai e Paraguai, nos dias 23 e 28 de mar\u00e7o, em Montevid\u00e9u e S\u00e3o Paulo, respectivamente. O rubro-negro entra no time no lugar de Lucas Lima, do Santos, que n\u00e3o vive boa fase e ainda se recupera de les\u00e3o. O meia-atacante Diego Souza, do Sport, tamb\u00e9m recebeu nova oportunidade de Tite, ap\u00f3s participar do Jogo da Amizade, no Engenh\u00e3o. O jogador de 31 anos ser\u00e1 uma alternativa para o ataque da equipe, desfalcado por Gabriel Jesus, que sofreu uma fratura no quinto metatarso e deve retornar \u00e0 ativa apenas em maio. A outra novidade \u00e9 o goleiro Ederson, que vem vivendo grande fase no Benfica e foi chamado pela primeira vez para a Sele\u00e7\u00e3o principal. O coordenador t\u00e9cnico Edu Gaspar anunciou que Carlos Augusto de Barros e Silva, o Leco, presidente do S\u00e3o Paulo, ser\u00e1 o chefe da delega\u00e7\u00e3o nas duas partidas. O elenco realizar\u00e1 praticamente toda a sua prepara\u00e7\u00e3o no CT Joaquim Grava, do Corinthians, antes e depois da viagem para Montevid\u00e9u. Na volta, antes de pegar o Paraguai na Arena Corinthians, apenas uma atividade ser\u00e1 realizada no CT do S\u00e3o Paulo.A convoca\u00e7\u00e3o tamb\u00e9m foi um evento promocional de um dos patrocinadores da sele\u00e7\u00e3o brasileira, uma companhia a\u00e9rea, que motivou a mudan\u00e7a de local da divulga\u00e7\u00e3o da lista. O evento foi realizado em um hangar do Aeroporto de Congonhas, em S\u00e3o Paulo (tradicionalmente, as convoca\u00e7\u00f5es ocorrem na sede da CBF, no Rio de Janeiro). Tite surgiu no local &#8211; acompanhado do presidente da CBF, Marco Polo del Nero &#8211; em um avi\u00e3o personalizado com as cores do Brasil, homenageando a equipe. (fonte\/foto:globo)<\/span><\/p>\n","protected":false},"excerpt":{"rendered":"<p>No retorno das eliminat\u00f3rias, o t\u00e9cnico Tite divulga lista dos convocados &gt;&gt;&gt;Destaque no \u00faltimo Campeonato Brasileiro e no come\u00e7o de temporada do Flamengo, Diego ter\u00e1 mais uma chance na sele\u00e7\u00e3o brasileira. Depois de participar do amistoso contra a Col\u00f4mbia, em janeiro, o meia foi novamente convocado pelo t\u00e9cnico Tite, que divulgou nesta sexta-feira a lista [&hellip;]<\/p>\n","protected":false},"author":1,"featured_media":2108,"comment_status":"open","ping_status":"open","sticky":false,"template":"","format":"standard","meta":[],"categories":[22],"tags":[],"_links":{"self":[{"href":"http:\/\/www.portalmantena.com.br\/novo\/index.php?rest_route=\/wp\/v2\/posts\/2107"}],"collection":[{"href":"http:\/\/www.portalmantena.com.br\/novo\/index.php?rest_route=\/wp\/v2\/posts"}],"about":[{"href":"http:\/\/www.portalmantena.com.br\/novo\/index.php?rest_route=\/wp\/v2\/types\/post"}],"author":[{"embeddable":true,"href":"http:\/\/www.portalmantena.com.br\/novo\/index.php?rest_route=\/wp\/v2\/users\/1"}],"replies":[{"embeddable":true,"href":"http:\/\/www.portalmantena.com.br\/novo\/index.php?rest_route=%2Fwp%2Fv2%2Fcomments&post=2107"}],"version-history":[{"count":1,"href":"http:\/\/www.portalmantena.com.br\/novo\/index.php?rest_route=\/wp\/v2\/posts\/2107\/revisions"}],"predecessor-version":[{"id":2109,"href":"http:\/\/www.portalmantena.com.br\/novo\/index.php?rest_route=\/wp\/v2\/posts\/2107\/revisions\/2109"}],"wp:featuredmedia":[{"embeddable":true,"href":"http:\/\/www.portalmantena.com.br\/novo\/index.php?rest_route=\/wp\/v2\/media\/2108"}],"wp:attachment":[{"href":"http:\/\/www.portalmantena.com.br\/novo\/index.php?rest_route=%2Fwp%2Fv2%2Fmedia&parent=2107"}],"wp:term":[{"taxonomy":"category","embeddable":true,"href":"http:\/\/www.portalmantena.com.br\/novo\/index.php?rest_route=%2Fwp%2Fv2%2Fcategories&post=2107"},{"taxonomy":"post_tag","embeddable":true,"href":"http:\/\/www.portalmantena.com.br\/novo\/index.php?rest_route=%2Fwp%2Fv2%2Ftags&post=2107"}],"curies":[{"name":"wp","href":"https:\/\/api.w.org\/{rel}","templated":true}]}}