{"id":2101,"date":"2017-03-03T15:46:10","date_gmt":"2017-03-03T15:46:10","guid":{"rendered":"http:\/\/www.portalmantena.com.br\/novo\/?p=2101"},"modified":"2017-03-03T15:46:10","modified_gmt":"2017-03-03T15:46:10","slug":"de-olho-na-libertadores-palmeiras-encara-rb-brasil-pela-copa-do-brasil","status":"publish","type":"post","link":"http:\/\/www.portalmantena.com.br\/novo\/?p=2101","title":{"rendered":"De olho na Libertadores, Palmeiras encara RB Brasil pela Copa do Brasil"},"content":{"rendered":"<p><a href=\"http:\/\/www.portalmantena.com.br\/novo\/wp-content\/uploads\/2017\/03\/es030317palmeiras.jpg\"><img loading=\"lazy\" class=\"alignnone size-full wp-image-2102\" src=\"http:\/\/www.portalmantena.com.br\/novo\/wp-content\/uploads\/2017\/03\/es030317palmeiras.jpg\" alt=\"\" width=\"650\" height=\"420\" srcset=\"http:\/\/www.portalmantena.com.br\/novo\/wp-content\/uploads\/2017\/03\/es030317palmeiras.jpg 650w, http:\/\/www.portalmantena.com.br\/novo\/wp-content\/uploads\/2017\/03\/es030317palmeiras-300x194.jpg 300w\" sizes=\"(max-width: 650px) 100vw, 650px\" \/><\/a><\/p>\n<p><span style=\"color: #003366; font-size: 14pt;\">De olho na Libertadores, Palmeiras encara RB Brasil pela Copa do Brasil<\/span><\/p>\n<p><span style=\"font-size: 14pt;\">&gt;&gt;&gt;\u00c0s v\u00e9speras da estr\u00e9ia na Ta\u00e7a Libertadores da Am\u00e9rica, o Palmeiras faz nesta sexta-feira seu \u00faltimo jogo pelo Campeonato Paulista antes de iniciar a disputa da competi\u00e7\u00e3o continental. O Verd\u00e3o vai a Campinas para enfrentar o RB Brasil pela s\u00e9tima rodada do torneio estadual, no est\u00e1dio Mois\u00e9s Lucarelli, \u00e0s 21h05 (hor\u00e1rio de Bras\u00edlia). O t\u00e9cnico Eduardo Baptista manteve um clima de total mist\u00e9rio em rela\u00e7\u00e3o \u00e0 forma\u00e7\u00e3o titular para as pr\u00f3ximas partidas. Os treinos de quarta e quinta-feira foram fechados \u00e0 imprensa, que teve acesso apenas ao aquecimento dos atletas. A estr\u00e9ia na Libertadores ser\u00e1 contra o Atl\u00e9tico Tucum\u00e1n, fora de casa, na pr\u00f3xima quarta. O volante Tch\u00ea Tch\u00ea, que est\u00e1 em processo de recondicionamento f\u00edsico ap\u00f3s se recuperar de les\u00e3o no ombro, n\u00e3o foi relacionado para o jogo contra o RB Brasil. J\u00e1 o zagueiro Yerry Mina, poupado da \u00faltima rodada, est\u00e1 de novo \u00e0 disposi\u00e7\u00e3o, assim como o volante Felipe Melo, cortado contra a Ferrovi\u00e1ria devido a um corte no superc\u00edlio. (fonte\/foto:globo)<\/span><\/p>\n","protected":false},"excerpt":{"rendered":"<p>De olho na Libertadores, Palmeiras encara RB Brasil pela Copa do Brasil &gt;&gt;&gt;\u00c0s v\u00e9speras da estr\u00e9ia na Ta\u00e7a Libertadores da Am\u00e9rica, o Palmeiras faz nesta sexta-feira seu \u00faltimo jogo pelo Campeonato Paulista antes de iniciar a disputa da competi\u00e7\u00e3o continental. O Verd\u00e3o vai a Campinas para enfrentar o RB Brasil pela s\u00e9tima rodada do torneio [&hellip;]<\/p>\n","protected":false},"author":1,"featured_media":2102,"comment_status":"open","ping_status":"open","sticky":false,"template":"","format":"standard","meta":[],"categories":[22],"tags":[],"_links":{"self":[{"href":"http:\/\/www.portalmantena.com.br\/novo\/index.php?rest_route=\/wp\/v2\/posts\/2101"}],"collection":[{"href":"http:\/\/www.portalmantena.com.br\/novo\/index.php?rest_route=\/wp\/v2\/posts"}],"about":[{"href":"http:\/\/www.portalmantena.com.br\/novo\/index.php?rest_route=\/wp\/v2\/types\/post"}],"author":[{"embeddable":true,"href":"http:\/\/www.portalmantena.com.br\/novo\/index.php?rest_route=\/wp\/v2\/users\/1"}],"replies":[{"embeddable":true,"href":"http:\/\/www.portalmantena.com.br\/novo\/index.php?rest_route=%2Fwp%2Fv2%2Fcomments&post=2101"}],"version-history":[{"count":1,"href":"http:\/\/www.portalmantena.com.br\/novo\/index.php?rest_route=\/wp\/v2\/posts\/2101\/revisions"}],"predecessor-version":[{"id":2103,"href":"http:\/\/www.portalmantena.com.br\/novo\/index.php?rest_route=\/wp\/v2\/posts\/2101\/revisions\/2103"}],"wp:featuredmedia":[{"embeddable":true,"href":"http:\/\/www.portalmantena.com.br\/novo\/index.php?rest_route=\/wp\/v2\/media\/2102"}],"wp:attachment":[{"href":"http:\/\/www.portalmantena.com.br\/novo\/index.php?rest_route=%2Fwp%2Fv2%2Fmedia&parent=2101"}],"wp:term":[{"taxonomy":"category","embeddable":true,"href":"http:\/\/www.portalmantena.com.br\/novo\/index.php?rest_route=%2Fwp%2Fv2%2Fcategories&post=2101"},{"taxonomy":"post_tag","embeddable":true,"href":"http:\/\/www.portalmantena.com.br\/novo\/index.php?rest_route=%2Fwp%2Fv2%2Ftags&post=2101"}],"curies":[{"name":"wp","href":"https:\/\/api.w.org\/{rel}","templated":true}]}}