{"id":2098,"date":"2017-03-03T15:43:21","date_gmt":"2017-03-03T15:43:21","guid":{"rendered":"http:\/\/www.portalmantena.com.br\/novo\/?p=2098"},"modified":"2017-03-03T15:43:21","modified_gmt":"2017-03-03T15:43:21","slug":"rafael-nadal-despacha-japones-e-passa-para-a-semi-no-aberto-do-mexico","status":"publish","type":"post","link":"http:\/\/www.portalmantena.com.br\/novo\/?p=2098","title":{"rendered":"Rafael Nadal despacha japon\u00eas e passa para a semi no Aberto do M\u00e9xico"},"content":{"rendered":"<p><a href=\"http:\/\/www.portalmantena.com.br\/novo\/wp-content\/uploads\/2017\/03\/es030317nadal.jpg\"><img loading=\"lazy\" class=\"alignnone size-full wp-image-2099\" src=\"http:\/\/www.portalmantena.com.br\/novo\/wp-content\/uploads\/2017\/03\/es030317nadal.jpg\" alt=\"\" width=\"650\" height=\"420\" srcset=\"http:\/\/www.portalmantena.com.br\/novo\/wp-content\/uploads\/2017\/03\/es030317nadal.jpg 650w, http:\/\/www.portalmantena.com.br\/novo\/wp-content\/uploads\/2017\/03\/es030317nadal-300x194.jpg 300w\" sizes=\"(max-width: 650px) 100vw, 650px\" \/><\/a><\/p>\n<p><span style=\"color: #003366; font-size: 14pt;\">Rafael Nadal despacha japon\u00eas e passa para a semi no Aberto do M\u00e9xico<\/span><\/p>\n<p><span style=\"font-size: 14pt;\">&gt;&gt;&gt;Rafael Nadal segue na luta pelo seu terceiro t\u00edtulo do ATP de Acapulco. Na noite desta quinta-feira, o espanhol (ex-melhor do mundo e hoje em 6\u00ba no ranking) derrotou o japon\u00eas Yoshihito Nishioka (86\u00ba) por 2 sets a 0 (7\/6-2 e 6\/3), qualificando-se para disputar uma das semifinais do Aberto do M\u00e9xico. O rival de Nadal na briga por uma vaga na decis\u00e3o ser\u00e1 o croata Marin Cilic (8\u00ba), que nem precisou entrar em quadra. Lesionado, o americano Steve Johnson (26\u00ba) ficou fora do caminho. A outra semi ser\u00e1 entre Sam Querrey-EUA e o australiano Nick Kyrgios (17\u00ba), que surpreendeu Novak Djokovic e tirou o s\u00e9rvio da briga. Vencedor em 2005 e 2013, Rafael Nadal tenta o tricampeonato. O vencedor da edi\u00e7\u00e3o de 2016 foi Dominic Thiem (9\u00ba). O austr\u00edaco perdeu a chance de tentar o bi ao ser batido nas quartas de final por Querrey. (fonte\/foto:globo)<\/span><\/p>\n","protected":false},"excerpt":{"rendered":"<p>Rafael Nadal despacha japon\u00eas e passa para a semi no Aberto do M\u00e9xico &gt;&gt;&gt;Rafael Nadal segue na luta pelo seu terceiro t\u00edtulo do ATP de Acapulco. Na noite desta quinta-feira, o espanhol (ex-melhor do mundo e hoje em 6\u00ba no ranking) derrotou o japon\u00eas Yoshihito Nishioka (86\u00ba) por 2 sets a 0 (7\/6-2 e 6\/3), [&hellip;]<\/p>\n","protected":false},"author":1,"featured_media":2099,"comment_status":"open","ping_status":"open","sticky":false,"template":"","format":"standard","meta":[],"categories":[22],"tags":[],"_links":{"self":[{"href":"http:\/\/www.portalmantena.com.br\/novo\/index.php?rest_route=\/wp\/v2\/posts\/2098"}],"collection":[{"href":"http:\/\/www.portalmantena.com.br\/novo\/index.php?rest_route=\/wp\/v2\/posts"}],"about":[{"href":"http:\/\/www.portalmantena.com.br\/novo\/index.php?rest_route=\/wp\/v2\/types\/post"}],"author":[{"embeddable":true,"href":"http:\/\/www.portalmantena.com.br\/novo\/index.php?rest_route=\/wp\/v2\/users\/1"}],"replies":[{"embeddable":true,"href":"http:\/\/www.portalmantena.com.br\/novo\/index.php?rest_route=%2Fwp%2Fv2%2Fcomments&post=2098"}],"version-history":[{"count":1,"href":"http:\/\/www.portalmantena.com.br\/novo\/index.php?rest_route=\/wp\/v2\/posts\/2098\/revisions"}],"predecessor-version":[{"id":2100,"href":"http:\/\/www.portalmantena.com.br\/novo\/index.php?rest_route=\/wp\/v2\/posts\/2098\/revisions\/2100"}],"wp:featuredmedia":[{"embeddable":true,"href":"http:\/\/www.portalmantena.com.br\/novo\/index.php?rest_route=\/wp\/v2\/media\/2099"}],"wp:attachment":[{"href":"http:\/\/www.portalmantena.com.br\/novo\/index.php?rest_route=%2Fwp%2Fv2%2Fmedia&parent=2098"}],"wp:term":[{"taxonomy":"category","embeddable":true,"href":"http:\/\/www.portalmantena.com.br\/novo\/index.php?rest_route=%2Fwp%2Fv2%2Fcategories&post=2098"},{"taxonomy":"post_tag","embeddable":true,"href":"http:\/\/www.portalmantena.com.br\/novo\/index.php?rest_route=%2Fwp%2Fv2%2Ftags&post=2098"}],"curies":[{"name":"wp","href":"https:\/\/api.w.org\/{rel}","templated":true}]}}