{"id":2095,"date":"2017-03-03T15:40:48","date_gmt":"2017-03-03T15:40:48","guid":{"rendered":"http:\/\/www.portalmantena.com.br\/novo\/?p=2095"},"modified":"2017-03-03T15:40:48","modified_gmt":"2017-03-03T15:40:48","slug":"sem-gabriel-jesus-diego-souza-volta-a-ser-convocado-pela-selecao","status":"publish","type":"post","link":"http:\/\/www.portalmantena.com.br\/novo\/?p=2095","title":{"rendered":"Sem Gabriel Jesus, Diego Souza volta a ser convocado pela Sele\u00e7\u00e3o"},"content":{"rendered":"<p><a href=\"http:\/\/www.portalmantena.com.br\/novo\/wp-content\/uploads\/2017\/03\/es030317souza.jpg\"><img loading=\"lazy\" class=\"alignnone size-full wp-image-2096\" src=\"http:\/\/www.portalmantena.com.br\/novo\/wp-content\/uploads\/2017\/03\/es030317souza.jpg\" alt=\"\" width=\"650\" height=\"420\" srcset=\"http:\/\/www.portalmantena.com.br\/novo\/wp-content\/uploads\/2017\/03\/es030317souza.jpg 650w, http:\/\/www.portalmantena.com.br\/novo\/wp-content\/uploads\/2017\/03\/es030317souza-300x194.jpg 300w\" sizes=\"(max-width: 650px) 100vw, 650px\" \/><\/a><\/p>\n<p><span style=\"color: #003366; font-size: 14pt;\">Sem Gabriel Jesus, Diego Souza volta a ser convocado pela Sele\u00e7\u00e3o<\/span><\/p>\n<p><span style=\"font-size: 14pt;\">&gt;&gt;&gt;O t\u00e9cnico Tite convocou nesta sexta-feira 23 jogadores para os compromissos da sele\u00e7\u00e3o brasileira no fim de mar\u00e7o contra Uruguai, em Montevid\u00e9u, e Paraguai, em S\u00e3o Paulo, pelas Eliminat\u00f3rias Sul-Americanas para a Copa do Mundo de 2018, e manteve a base das listas anteriores, mas apostou em novidades, casos do goleiro Ederson, do Benfica, do meia Diego, do Flamengo e do atacante Diego Souza, do Sport. A principal aus\u00eancia da rela\u00e7\u00e3o, claro, foi o atacante Gabriel Jesus, do Manchester City, que sofreu uma fratura no p\u00e9 direito no in\u00edcio da sua experi\u00eancia no clube ingl\u00eas. E isso acabou abrindo espa\u00e7o para que a lista de convocados apresentasse uma surpresa no ataque, com Diego Souza sendo chamado. (fonte\/foto:band)<\/span><\/p>\n","protected":false},"excerpt":{"rendered":"<p>Sem Gabriel Jesus, Diego Souza volta a ser convocado pela Sele\u00e7\u00e3o &gt;&gt;&gt;O t\u00e9cnico Tite convocou nesta sexta-feira 23 jogadores para os compromissos da sele\u00e7\u00e3o brasileira no fim de mar\u00e7o contra Uruguai, em Montevid\u00e9u, e Paraguai, em S\u00e3o Paulo, pelas Eliminat\u00f3rias Sul-Americanas para a Copa do Mundo de 2018, e manteve a base das listas anteriores, [&hellip;]<\/p>\n","protected":false},"author":1,"featured_media":2096,"comment_status":"open","ping_status":"open","sticky":false,"template":"","format":"standard","meta":[],"categories":[22],"tags":[],"_links":{"self":[{"href":"http:\/\/www.portalmantena.com.br\/novo\/index.php?rest_route=\/wp\/v2\/posts\/2095"}],"collection":[{"href":"http:\/\/www.portalmantena.com.br\/novo\/index.php?rest_route=\/wp\/v2\/posts"}],"about":[{"href":"http:\/\/www.portalmantena.com.br\/novo\/index.php?rest_route=\/wp\/v2\/types\/post"}],"author":[{"embeddable":true,"href":"http:\/\/www.portalmantena.com.br\/novo\/index.php?rest_route=\/wp\/v2\/users\/1"}],"replies":[{"embeddable":true,"href":"http:\/\/www.portalmantena.com.br\/novo\/index.php?rest_route=%2Fwp%2Fv2%2Fcomments&post=2095"}],"version-history":[{"count":1,"href":"http:\/\/www.portalmantena.com.br\/novo\/index.php?rest_route=\/wp\/v2\/posts\/2095\/revisions"}],"predecessor-version":[{"id":2097,"href":"http:\/\/www.portalmantena.com.br\/novo\/index.php?rest_route=\/wp\/v2\/posts\/2095\/revisions\/2097"}],"wp:featuredmedia":[{"embeddable":true,"href":"http:\/\/www.portalmantena.com.br\/novo\/index.php?rest_route=\/wp\/v2\/media\/2096"}],"wp:attachment":[{"href":"http:\/\/www.portalmantena.com.br\/novo\/index.php?rest_route=%2Fwp%2Fv2%2Fmedia&parent=2095"}],"wp:term":[{"taxonomy":"category","embeddable":true,"href":"http:\/\/www.portalmantena.com.br\/novo\/index.php?rest_route=%2Fwp%2Fv2%2Fcategories&post=2095"},{"taxonomy":"post_tag","embeddable":true,"href":"http:\/\/www.portalmantena.com.br\/novo\/index.php?rest_route=%2Fwp%2Fv2%2Ftags&post=2095"}],"curies":[{"name":"wp","href":"https:\/\/api.w.org\/{rel}","templated":true}]}}