{"id":2093,"date":"2017-03-03T14:21:35","date_gmt":"2017-03-03T14:21:35","guid":{"rendered":"http:\/\/www.portalmantena.com.br\/novo\/?p=2093"},"modified":"2017-03-03T14:21:35","modified_gmt":"2017-03-03T14:21:35","slug":"43-mortes-nas-estradas-de-minas-neste-carnaval","status":"publish","type":"post","link":"http:\/\/www.portalmantena.com.br\/novo\/?p=2093","title":{"rendered":"43 mortes nas estradas de Minas neste Carnaval"},"content":{"rendered":"<p><span style=\"font-size: 14pt;\">Quarenta e tr\u00eas pessoas perderam a vida nas estradas que cortam Minas Gerais durante o feriado prolongado de Carnaval. Os\u00a0n\u00fameros foram divulgados nesta quinta-feira (2) pelas Pol\u00edcias Rodovi\u00e1ria Federal e Militar Rodovi\u00e1ria.\u00a0 <\/span><\/p>\n<p><span style=\"font-size: 14pt;\">S\u00f3 nas rodovias federais foram 22 mortes entre a sexta-feira (24) e a quarta-feira de cinzas (1\u00ba). Um aumento de 69% em\u00a0rela\u00e7\u00e3o a 2016, quando 13 pessoas morreram. O n\u00famero de feridos tamb\u00e9m aumentou, passando de 233 em 2016 para 358 em 2017,\u00a0alta de 54%. J\u00e1 os acidentes saltaram de 202 para 334, varia\u00e7\u00e3o de 65%. <\/span><\/p>\n<p><span style=\"font-size: 14pt;\">Na rodovias estaduais, foram 21 mortes, 424 feridos e 389 acidentes. Segundo a PMRV, houve uma redu\u00e7\u00e3o no n\u00famero de acidentes com v\u00edtimas, mas o n\u00famero de mortes \u00e9 o mesmo registrado em 2016.<\/span><\/p>\n","protected":false},"excerpt":{"rendered":"<p>Quarenta e tr\u00eas pessoas perderam a vida nas estradas que cortam Minas Gerais durante o feriado prolongado de Carnaval. Os\u00a0n\u00fameros foram divulgados nesta quinta-feira (2) pelas Pol\u00edcias Rodovi\u00e1ria Federal e Militar Rodovi\u00e1ria.\u00a0 S\u00f3 nas rodovias federais foram 22 mortes entre a sexta-feira (24) e a quarta-feira de cinzas (1\u00ba). Um aumento de 69% em\u00a0rela\u00e7\u00e3o a [&hellip;]<\/p>\n","protected":false},"author":1,"featured_media":0,"comment_status":"open","ping_status":"open","sticky":false,"template":"","format":"standard","meta":[],"categories":[24],"tags":[],"_links":{"self":[{"href":"http:\/\/www.portalmantena.com.br\/novo\/index.php?rest_route=\/wp\/v2\/posts\/2093"}],"collection":[{"href":"http:\/\/www.portalmantena.com.br\/novo\/index.php?rest_route=\/wp\/v2\/posts"}],"about":[{"href":"http:\/\/www.portalmantena.com.br\/novo\/index.php?rest_route=\/wp\/v2\/types\/post"}],"author":[{"embeddable":true,"href":"http:\/\/www.portalmantena.com.br\/novo\/index.php?rest_route=\/wp\/v2\/users\/1"}],"replies":[{"embeddable":true,"href":"http:\/\/www.portalmantena.com.br\/novo\/index.php?rest_route=%2Fwp%2Fv2%2Fcomments&post=2093"}],"version-history":[{"count":1,"href":"http:\/\/www.portalmantena.com.br\/novo\/index.php?rest_route=\/wp\/v2\/posts\/2093\/revisions"}],"predecessor-version":[{"id":2094,"href":"http:\/\/www.portalmantena.com.br\/novo\/index.php?rest_route=\/wp\/v2\/posts\/2093\/revisions\/2094"}],"wp:attachment":[{"href":"http:\/\/www.portalmantena.com.br\/novo\/index.php?rest_route=%2Fwp%2Fv2%2Fmedia&parent=2093"}],"wp:term":[{"taxonomy":"category","embeddable":true,"href":"http:\/\/www.portalmantena.com.br\/novo\/index.php?rest_route=%2Fwp%2Fv2%2Fcategories&post=2093"},{"taxonomy":"post_tag","embeddable":true,"href":"http:\/\/www.portalmantena.com.br\/novo\/index.php?rest_route=%2Fwp%2Fv2%2Ftags&post=2093"}],"curies":[{"name":"wp","href":"https:\/\/api.w.org\/{rel}","templated":true}]}}