{"id":2066,"date":"2017-03-03T12:20:33","date_gmt":"2017-03-03T12:20:33","guid":{"rendered":"http:\/\/www.portalmantena.com.br\/novo\/?p=2066"},"modified":"2017-03-08T14:26:42","modified_gmt":"2017-03-08T14:26:42","slug":"cooperativa-capel-suspende-suas-atividades-por-tempo-indeterminado","status":"publish","type":"post","link":"http:\/\/www.portalmantena.com.br\/novo\/?p=2066","title":{"rendered":"Cooperativa Capel suspende suas atividades por tempo indeterminado"},"content":{"rendered":"<p><a href=\"http:\/\/www.portalmantena.com.br\/novo\/wp-content\/uploads\/2017\/03\/no030317capel1.jpg\"><img loading=\"lazy\" class=\"alignnone size-full wp-image-2067\" src=\"http:\/\/www.portalmantena.com.br\/novo\/wp-content\/uploads\/2017\/03\/no030317capel1.jpg\" alt=\"\" width=\"700\" height=\"450\" srcset=\"http:\/\/www.portalmantena.com.br\/novo\/wp-content\/uploads\/2017\/03\/no030317capel1.jpg 700w, http:\/\/www.portalmantena.com.br\/novo\/wp-content\/uploads\/2017\/03\/no030317capel1-300x193.jpg 300w, http:\/\/www.portalmantena.com.br\/novo\/wp-content\/uploads\/2017\/03\/no030317capel1-696x447.jpg 696w, http:\/\/www.portalmantena.com.br\/novo\/wp-content\/uploads\/2017\/03\/no030317capel1-653x420.jpg 653w\" sizes=\"(max-width: 700px) 100vw, 700px\" \/><\/a><\/p>\n<p><span style=\"font-size: 14pt;\">Uma das maiores empresas da regi\u00e3o no ramo de latic\u00ednios fecha suas portas por tempo indeterminado, a not\u00edcia veio aos meios de comunica\u00e7\u00e3o esta semana informado atrav\u00e9s de nota aos cooperados que a Capel, suspende suas atividades temporariamente, empresa que em agosto deste ano completa 57 anos. <\/span><\/p>\n<p><span style=\"font-size: 14pt;\">O comunicado foi datado de 24 de fevereiro (foto). A Capel j\u00e1 havia paralisado suas atividades em outras estruturas que adquiriu ao longo dos anos, uma delas em Mantena, onde a empresa havia adquirido a carteira da Cooperativa Terra Boa, e j\u00e1 h\u00e1 alguns anos parou de operar. <\/span><\/p>\n<p><span style=\"font-size: 14pt;\">Depois de uma hist\u00f3ria escrita com luta, trabalho, dificuldades, crescimento, realiza\u00e7\u00f5es e sucesso, a empresa entrou em uma crise financeira, que a impede inclusive de operar com bancos. <\/span><\/p>\n<p><span style=\"font-size: 14pt;\">H\u00e1 56 anos, um grupo formado por 87 (oitenta e sete) produtores rurais sentiu que o cooperativismo seria a melhor maneira para o escoamento do leite que eles produziam. Nasceu assim a Cooperativa \u201cAgro-Pecu\u00e1ria Ltda de Resplendor\u201d, como um marco na vida de uma comunidade. Em comunicado aos associados a cooperativa, informou que passar\u00e1 a coleta de leite para Cooperativa Agropecu\u00e1ria Ibituruna. Tamb\u00e9m foi comunicado que o processo de recupera\u00e7\u00e3o extrajudicial ser\u00e1 iniciado com transpar\u00eancia e corre\u00e7\u00e3o. <\/span><\/p>\n<p><span style=\"font-size: 14pt;\">A empresa informou que deixa de operar a partir de 1\u00ba de Mar\u00e7o, em fun\u00e7\u00e3o do agravamento da crise financeira que vem enfrentando h\u00e1 algum tempo. A dire\u00e7\u00e3o da empresa est\u00e1 realizando encontros com os associados (cooperados), para esclarecer alguns assuntos e procedimentos, um deles aconteceu na tarde desta quinta-feira dia 02 de Mar\u00e7o.(foto).<\/span><\/p>\n<p><a href=\"http:\/\/www.portalmantena.com.br\/novo\/wp-content\/uploads\/2017\/03\/no030317capel2.jpg\"><img loading=\"lazy\" class=\"alignnone size-full wp-image-2068\" src=\"http:\/\/www.portalmantena.com.br\/novo\/wp-content\/uploads\/2017\/03\/no030317capel2.jpg\" alt=\"\" width=\"700\" height=\"450\" srcset=\"http:\/\/www.portalmantena.com.br\/novo\/wp-content\/uploads\/2017\/03\/no030317capel2.jpg 700w, http:\/\/www.portalmantena.com.br\/novo\/wp-content\/uploads\/2017\/03\/no030317capel2-300x193.jpg 300w, http:\/\/www.portalmantena.com.br\/novo\/wp-content\/uploads\/2017\/03\/no030317capel2-696x447.jpg 696w, http:\/\/www.portalmantena.com.br\/novo\/wp-content\/uploads\/2017\/03\/no030317capel2-653x420.jpg 653w\" sizes=\"(max-width: 700px) 100vw, 700px\" \/><\/a> <a href=\"http:\/\/www.portalmantena.com.br\/novo\/wp-content\/uploads\/2017\/03\/no030317capel3.jpg\"><img loading=\"lazy\" class=\"alignnone size-full wp-image-2069\" src=\"http:\/\/www.portalmantena.com.br\/novo\/wp-content\/uploads\/2017\/03\/no030317capel3.jpg\" alt=\"\" width=\"700\" height=\"800\" srcset=\"http:\/\/www.portalmantena.com.br\/novo\/wp-content\/uploads\/2017\/03\/no030317capel3.jpg 700w, http:\/\/www.portalmantena.com.br\/novo\/wp-content\/uploads\/2017\/03\/no030317capel3-263x300.jpg 263w, http:\/\/www.portalmantena.com.br\/novo\/wp-content\/uploads\/2017\/03\/no030317capel3-696x795.jpg 696w, http:\/\/www.portalmantena.com.br\/novo\/wp-content\/uploads\/2017\/03\/no030317capel3-368x420.jpg 368w\" sizes=\"(max-width: 700px) 100vw, 700px\" \/><\/a><\/p>\n","protected":false},"excerpt":{"rendered":"<p>Uma das maiores empresas da regi\u00e3o no ramo de latic\u00ednios fecha suas portas por tempo indeterminado, a not\u00edcia veio aos meios de comunica\u00e7\u00e3o esta semana informado atrav\u00e9s de nota aos cooperados que a Capel, suspende suas atividades temporariamente, empresa que em agosto deste ano completa 57 anos. O comunicado foi datado de 24 de fevereiro [&hellip;]<\/p>\n","protected":false},"author":1,"featured_media":2067,"comment_status":"open","ping_status":"open","sticky":false,"template":"","format":"standard","meta":[],"categories":[12,11,39],"tags":[],"_links":{"self":[{"href":"http:\/\/www.portalmantena.com.br\/novo\/index.php?rest_route=\/wp\/v2\/posts\/2066"}],"collection":[{"href":"http:\/\/www.portalmantena.com.br\/novo\/index.php?rest_route=\/wp\/v2\/posts"}],"about":[{"href":"http:\/\/www.portalmantena.com.br\/novo\/index.php?rest_route=\/wp\/v2\/types\/post"}],"author":[{"embeddable":true,"href":"http:\/\/www.portalmantena.com.br\/novo\/index.php?rest_route=\/wp\/v2\/users\/1"}],"replies":[{"embeddable":true,"href":"http:\/\/www.portalmantena.com.br\/novo\/index.php?rest_route=%2Fwp%2Fv2%2Fcomments&post=2066"}],"version-history":[{"count":2,"href":"http:\/\/www.portalmantena.com.br\/novo\/index.php?rest_route=\/wp\/v2\/posts\/2066\/revisions"}],"predecessor-version":[{"id":2379,"href":"http:\/\/www.portalmantena.com.br\/novo\/index.php?rest_route=\/wp\/v2\/posts\/2066\/revisions\/2379"}],"wp:featuredmedia":[{"embeddable":true,"href":"http:\/\/www.portalmantena.com.br\/novo\/index.php?rest_route=\/wp\/v2\/media\/2067"}],"wp:attachment":[{"href":"http:\/\/www.portalmantena.com.br\/novo\/index.php?rest_route=%2Fwp%2Fv2%2Fmedia&parent=2066"}],"wp:term":[{"taxonomy":"category","embeddable":true,"href":"http:\/\/www.portalmantena.com.br\/novo\/index.php?rest_route=%2Fwp%2Fv2%2Fcategories&post=2066"},{"taxonomy":"post_tag","embeddable":true,"href":"http:\/\/www.portalmantena.com.br\/novo\/index.php?rest_route=%2Fwp%2Fv2%2Ftags&post=2066"}],"curies":[{"name":"wp","href":"https:\/\/api.w.org\/{rel}","templated":true}]}}