{"id":2059,"date":"2017-03-03T12:09:43","date_gmt":"2017-03-03T12:09:43","guid":{"rendered":"http:\/\/www.portalmantena.com.br\/novo\/?p=2059"},"modified":"2017-03-03T12:09:43","modified_gmt":"2017-03-03T12:09:43","slug":"pm-prende-tres-homens-transportando-drogas-em-conselheiro-pena","status":"publish","type":"post","link":"http:\/\/www.portalmantena.com.br\/novo\/?p=2059","title":{"rendered":"PM prende tr\u00eas homens transportando drogas em Conselheiro Pena"},"content":{"rendered":"<p><a href=\"http:\/\/www.portalmantena.com.br\/novo\/wp-content\/uploads\/2017\/03\/no030317droga.jpg\"><img loading=\"lazy\" class=\"alignnone size-full wp-image-2060\" src=\"http:\/\/www.portalmantena.com.br\/novo\/wp-content\/uploads\/2017\/03\/no030317droga.jpg\" alt=\"\" width=\"700\" height=\"450\" srcset=\"http:\/\/www.portalmantena.com.br\/novo\/wp-content\/uploads\/2017\/03\/no030317droga.jpg 700w, http:\/\/www.portalmantena.com.br\/novo\/wp-content\/uploads\/2017\/03\/no030317droga-300x193.jpg 300w, http:\/\/www.portalmantena.com.br\/novo\/wp-content\/uploads\/2017\/03\/no030317droga-696x447.jpg 696w, http:\/\/www.portalmantena.com.br\/novo\/wp-content\/uploads\/2017\/03\/no030317droga-653x420.jpg 653w\" sizes=\"(max-width: 700px) 100vw, 700px\" \/><\/a><\/p>\n<p><span style=\"font-size: 14pt;\">Tr\u00eas homens foram presos no s\u00e1bado de carnaval, dia 25 de fevereiro, durante o evento de carnaval na cidade de Conselheiro Pena, suspeitos de tr\u00e1fico de drogas. <\/span><\/p>\n<p><span style=\"font-size: 14pt;\">Homens de 23, 27 e 24 anos foram presos depois de abordados na opera\u00e7\u00e3o \u201cCavalo de A\u00e7o\u201d, da Pol\u00edcia Militar, que os interceptou em um taxi, que chegava na cidade. Com os tr\u00eas foram encontrados 28 papelotes de Coca\u00edna e 02 por\u00e7\u00f5es de 20 gramas da mesma droga, e ainda 1 pino que estava com um deles. <\/span><\/p>\n<p><span style=\"font-size: 14pt;\">Cada papelote seria vendido pelo valor de R$ 50,00 e o faturamento seria dividida entre os tr\u00eas. Eles foram preso em flagrante delito por tr\u00e1fico il\u00edcito de drogas e associa\u00e7\u00e3o para o tr\u00e1fico e encaminhados para a delegacia de plant\u00e3o em Governador Valadares juntamente com o material apreendido.(fonte:noticiasnoleste\/foto:pm)<\/span><\/p>\n","protected":false},"excerpt":{"rendered":"<p>Tr\u00eas homens foram presos no s\u00e1bado de carnaval, dia 25 de fevereiro, durante o evento de carnaval na cidade de Conselheiro Pena, suspeitos de tr\u00e1fico de drogas. Homens de 23, 27 e 24 anos foram presos depois de abordados na opera\u00e7\u00e3o \u201cCavalo de A\u00e7o\u201d, da Pol\u00edcia Militar, que os interceptou em um taxi, que chegava [&hellip;]<\/p>\n","protected":false},"author":1,"featured_media":2060,"comment_status":"open","ping_status":"open","sticky":false,"template":"","format":"standard","meta":[],"categories":[11,34],"tags":[],"_links":{"self":[{"href":"http:\/\/www.portalmantena.com.br\/novo\/index.php?rest_route=\/wp\/v2\/posts\/2059"}],"collection":[{"href":"http:\/\/www.portalmantena.com.br\/novo\/index.php?rest_route=\/wp\/v2\/posts"}],"about":[{"href":"http:\/\/www.portalmantena.com.br\/novo\/index.php?rest_route=\/wp\/v2\/types\/post"}],"author":[{"embeddable":true,"href":"http:\/\/www.portalmantena.com.br\/novo\/index.php?rest_route=\/wp\/v2\/users\/1"}],"replies":[{"embeddable":true,"href":"http:\/\/www.portalmantena.com.br\/novo\/index.php?rest_route=%2Fwp%2Fv2%2Fcomments&post=2059"}],"version-history":[{"count":1,"href":"http:\/\/www.portalmantena.com.br\/novo\/index.php?rest_route=\/wp\/v2\/posts\/2059\/revisions"}],"predecessor-version":[{"id":2061,"href":"http:\/\/www.portalmantena.com.br\/novo\/index.php?rest_route=\/wp\/v2\/posts\/2059\/revisions\/2061"}],"wp:featuredmedia":[{"embeddable":true,"href":"http:\/\/www.portalmantena.com.br\/novo\/index.php?rest_route=\/wp\/v2\/media\/2060"}],"wp:attachment":[{"href":"http:\/\/www.portalmantena.com.br\/novo\/index.php?rest_route=%2Fwp%2Fv2%2Fmedia&parent=2059"}],"wp:term":[{"taxonomy":"category","embeddable":true,"href":"http:\/\/www.portalmantena.com.br\/novo\/index.php?rest_route=%2Fwp%2Fv2%2Fcategories&post=2059"},{"taxonomy":"post_tag","embeddable":true,"href":"http:\/\/www.portalmantena.com.br\/novo\/index.php?rest_route=%2Fwp%2Fv2%2Ftags&post=2059"}],"curies":[{"name":"wp","href":"https:\/\/api.w.org\/{rel}","templated":true}]}}