{"id":2051,"date":"2017-03-02T19:53:08","date_gmt":"2017-03-02T19:53:08","guid":{"rendered":"http:\/\/www.portalmantena.com.br\/novo\/?p=2051"},"modified":"2017-03-08T14:27:20","modified_gmt":"2017-03-08T14:27:20","slug":"prefeitura-de-sao-joao-avanca-calcando-ruas-em-vargem-grande","status":"publish","type":"post","link":"http:\/\/www.portalmantena.com.br\/novo\/?p=2051","title":{"rendered":"Prefeitura de S\u00e3o Jo\u00e3o avan\u00e7a, cal\u00e7ando ruas em Vargem Grande"},"content":{"rendered":"<p><a href=\"http:\/\/www.portalmantena.com.br\/novo\/wp-content\/uploads\/2017\/03\/no020317rua1.jpg\"><img loading=\"lazy\" class=\"alignnone size-full wp-image-2052\" src=\"http:\/\/www.portalmantena.com.br\/novo\/wp-content\/uploads\/2017\/03\/no020317rua1.jpg\" alt=\"\" width=\"700\" height=\"450\" srcset=\"http:\/\/www.portalmantena.com.br\/novo\/wp-content\/uploads\/2017\/03\/no020317rua1.jpg 700w, http:\/\/www.portalmantena.com.br\/novo\/wp-content\/uploads\/2017\/03\/no020317rua1-300x193.jpg 300w, http:\/\/www.portalmantena.com.br\/novo\/wp-content\/uploads\/2017\/03\/no020317rua1-696x447.jpg 696w, http:\/\/www.portalmantena.com.br\/novo\/wp-content\/uploads\/2017\/03\/no020317rua1-653x420.jpg 653w\" sizes=\"(max-width: 700px) 100vw, 700px\" \/><\/a><\/p>\n<p style=\"line-height: 19.5pt; margin: 0cm 0cm 19.5pt 0cm;\"><span style=\"font-size: 14pt; font-family: Verdana, sans-serif; color: #222222;\">A atual gest\u00e3o do munic\u00edpio de S\u00e3o Jo\u00e3o do Manteninha (2017 a 2020) segue em ritmo acelerado para estruturar todo o munic\u00edpio. As obras de cal\u00e7amento no distrito de Vargem Grande est\u00e3o a todo vapor, com o objeto de deixar todo o munic\u00edpio pavimentado. <\/span><\/p>\n<p style=\"line-height: 19.5pt; margin: 0cm 0cm 19.5pt 0cm;\"><span style=\"font-size: 14pt; font-family: Verdana, sans-serif; color: #222222;\">Um dos exemplos \u00e9 a rua C no distrito de Vargem Grande, que j\u00e1 est\u00e1 em andamento, rua que est\u00e1 situada na entrada do distrito que \u00e9 um p\u00f3lo industrial da regi\u00e3o. Um sonho dos moradores sendo realizado, tirando todos da lama e do barro (em \u00e9pocas de chuva), entregando dignidade ao cidad\u00e3o. <\/span><\/p>\n<p style=\"line-height: 19.5pt; margin: 0cm 0cm 19.5pt 0cm;\"><span style=\"font-size: 14pt; font-family: Verdana, sans-serif; color: #222222;\">O resultado \u00e9 a satisfa\u00e7\u00e3o das fam\u00edlias que ali residem, todos agradecidos pelo bom trabalho que a atual gest\u00e3o vem realizando. (com informa\u00e7\u00f5es e fotos\/portalvargemgrande).<\/span><\/p>\n<p><a href=\"http:\/\/www.portalmantena.com.br\/novo\/wp-content\/uploads\/2017\/03\/no020317rua2.jpg\"><img loading=\"lazy\" class=\"alignnone size-full wp-image-2053\" src=\"http:\/\/www.portalmantena.com.br\/novo\/wp-content\/uploads\/2017\/03\/no020317rua2.jpg\" alt=\"\" width=\"700\" height=\"450\" srcset=\"http:\/\/www.portalmantena.com.br\/novo\/wp-content\/uploads\/2017\/03\/no020317rua2.jpg 700w, http:\/\/www.portalmantena.com.br\/novo\/wp-content\/uploads\/2017\/03\/no020317rua2-300x193.jpg 300w, http:\/\/www.portalmantena.com.br\/novo\/wp-content\/uploads\/2017\/03\/no020317rua2-696x447.jpg 696w, http:\/\/www.portalmantena.com.br\/novo\/wp-content\/uploads\/2017\/03\/no020317rua2-653x420.jpg 653w\" sizes=\"(max-width: 700px) 100vw, 700px\" \/><\/a><\/p>\n","protected":false},"excerpt":{"rendered":"<p>A atual gest\u00e3o do munic\u00edpio de S\u00e3o Jo\u00e3o do Manteninha (2017 a 2020) segue em ritmo acelerado para estruturar todo o munic\u00edpio. As obras de cal\u00e7amento no distrito de Vargem Grande est\u00e3o a todo vapor, com o objeto de deixar todo o munic\u00edpio pavimentado. Um dos exemplos \u00e9 a rua C no distrito de Vargem [&hellip;]<\/p>\n","protected":false},"author":1,"featured_media":2053,"comment_status":"open","ping_status":"open","sticky":false,"template":"","format":"standard","meta":[],"categories":[12,11,39],"tags":[],"_links":{"self":[{"href":"http:\/\/www.portalmantena.com.br\/novo\/index.php?rest_route=\/wp\/v2\/posts\/2051"}],"collection":[{"href":"http:\/\/www.portalmantena.com.br\/novo\/index.php?rest_route=\/wp\/v2\/posts"}],"about":[{"href":"http:\/\/www.portalmantena.com.br\/novo\/index.php?rest_route=\/wp\/v2\/types\/post"}],"author":[{"embeddable":true,"href":"http:\/\/www.portalmantena.com.br\/novo\/index.php?rest_route=\/wp\/v2\/users\/1"}],"replies":[{"embeddable":true,"href":"http:\/\/www.portalmantena.com.br\/novo\/index.php?rest_route=%2Fwp%2Fv2%2Fcomments&post=2051"}],"version-history":[{"count":2,"href":"http:\/\/www.portalmantena.com.br\/novo\/index.php?rest_route=\/wp\/v2\/posts\/2051\/revisions"}],"predecessor-version":[{"id":2380,"href":"http:\/\/www.portalmantena.com.br\/novo\/index.php?rest_route=\/wp\/v2\/posts\/2051\/revisions\/2380"}],"wp:featuredmedia":[{"embeddable":true,"href":"http:\/\/www.portalmantena.com.br\/novo\/index.php?rest_route=\/wp\/v2\/media\/2053"}],"wp:attachment":[{"href":"http:\/\/www.portalmantena.com.br\/novo\/index.php?rest_route=%2Fwp%2Fv2%2Fmedia&parent=2051"}],"wp:term":[{"taxonomy":"category","embeddable":true,"href":"http:\/\/www.portalmantena.com.br\/novo\/index.php?rest_route=%2Fwp%2Fv2%2Fcategories&post=2051"},{"taxonomy":"post_tag","embeddable":true,"href":"http:\/\/www.portalmantena.com.br\/novo\/index.php?rest_route=%2Fwp%2Fv2%2Ftags&post=2051"}],"curies":[{"name":"wp","href":"https:\/\/api.w.org\/{rel}","templated":true}]}}