{"id":2049,"date":"2017-03-02T17:49:24","date_gmt":"2017-03-02T17:49:24","guid":{"rendered":"http:\/\/www.portalmantena.com.br\/novo\/?p=2049"},"modified":"2017-03-02T17:49:24","modified_gmt":"2017-03-02T17:49:24","slug":"espirito-santo-ja-tem-14-mortes-confirmadas-por-febre-amarela","status":"publish","type":"post","link":"http:\/\/www.portalmantena.com.br\/novo\/?p=2049","title":{"rendered":"Esp\u00edrito Santo j\u00e1 tem 14 mortes confirmadas por Febre Amarela"},"content":{"rendered":"<p><span style=\"font-size: 14pt;\">O n\u00famero de mortes confirmadas por febre amarela subiu para 14 no estado do Esp\u00edrito Santo, em levantamento feito at\u00e9 o \u00faltimo dia 21 de fevereiro. <\/span><\/p>\n<p><span style=\"font-size: 14pt;\">O boletim foi divulgado na quinta-feira (23) pela Secretaria de Estado da Sa\u00fade (Sesa) e aponta 43 casos confirmados para o tipo silvestre da doen\u00e7a. Al\u00e9m disso, outros 12 mortes continuam sob investiga\u00e7\u00e3o. Este ano, at\u00e9 o dia 21 de fevereiro, a Sesa informou que recebeu 183 notifica\u00e7\u00f5es de suspeita de febre amarela. <\/span><\/p>\n<p><span style=\"font-size: 14pt;\">Dezoito foram descartadas. H\u00e1 ainda 122 casos em investiga\u00e7\u00e3o com quadro indicativo tamb\u00e9m de leptospirose, febre maculosa, dengue e outras doen\u00e7as com sintomas semelhantes. <\/span><\/p>\n<p><span style=\"font-size: 14pt;\">Oito pessoas est\u00e3o internadas por conta da doen\u00e7a, sendo duas em estado grave. Cidades onde as mortes foram confirmadas: Ibatiba &#8211; 3 mortes; Colatina &#8211; 2 mortes; Itarana &#8211; 2 mortes; Irupi &#8211; 2 mortes; Laranja da Terra &#8211; 1 mortes;\u00a0<\/span><span style=\"font-size: 14pt;\">Pancas &#8211; 1 morte; Muniz Freire &#8211; 1 morte; Santa Maria de Jetib\u00e1 &#8211; 1 morte e Afonso Cl\u00e1udio &#8211; 1 morte. (fonte:g1)<\/span><\/p>\n","protected":false},"excerpt":{"rendered":"<p>O n\u00famero de mortes confirmadas por febre amarela subiu para 14 no estado do Esp\u00edrito Santo, em levantamento feito at\u00e9 o \u00faltimo dia 21 de fevereiro. O boletim foi divulgado na quinta-feira (23) pela Secretaria de Estado da Sa\u00fade (Sesa) e aponta 43 casos confirmados para o tipo silvestre da doen\u00e7a. Al\u00e9m disso, outros 12 [&hellip;]<\/p>\n","protected":false},"author":1,"featured_media":0,"comment_status":"open","ping_status":"open","sticky":false,"template":"","format":"standard","meta":[],"categories":[24],"tags":[],"_links":{"self":[{"href":"http:\/\/www.portalmantena.com.br\/novo\/index.php?rest_route=\/wp\/v2\/posts\/2049"}],"collection":[{"href":"http:\/\/www.portalmantena.com.br\/novo\/index.php?rest_route=\/wp\/v2\/posts"}],"about":[{"href":"http:\/\/www.portalmantena.com.br\/novo\/index.php?rest_route=\/wp\/v2\/types\/post"}],"author":[{"embeddable":true,"href":"http:\/\/www.portalmantena.com.br\/novo\/index.php?rest_route=\/wp\/v2\/users\/1"}],"replies":[{"embeddable":true,"href":"http:\/\/www.portalmantena.com.br\/novo\/index.php?rest_route=%2Fwp%2Fv2%2Fcomments&post=2049"}],"version-history":[{"count":1,"href":"http:\/\/www.portalmantena.com.br\/novo\/index.php?rest_route=\/wp\/v2\/posts\/2049\/revisions"}],"predecessor-version":[{"id":2050,"href":"http:\/\/www.portalmantena.com.br\/novo\/index.php?rest_route=\/wp\/v2\/posts\/2049\/revisions\/2050"}],"wp:attachment":[{"href":"http:\/\/www.portalmantena.com.br\/novo\/index.php?rest_route=%2Fwp%2Fv2%2Fmedia&parent=2049"}],"wp:term":[{"taxonomy":"category","embeddable":true,"href":"http:\/\/www.portalmantena.com.br\/novo\/index.php?rest_route=%2Fwp%2Fv2%2Fcategories&post=2049"},{"taxonomy":"post_tag","embeddable":true,"href":"http:\/\/www.portalmantena.com.br\/novo\/index.php?rest_route=%2Fwp%2Fv2%2Ftags&post=2049"}],"curies":[{"name":"wp","href":"https:\/\/api.w.org\/{rel}","templated":true}]}}