{"id":20432,"date":"2017-11-20T09:21:19","date_gmt":"2017-11-20T11:21:19","guid":{"rendered":"http:\/\/www.portalmantena.com.br\/novo\/?p=20432"},"modified":"2017-11-20T09:21:19","modified_gmt":"2017-11-20T11:21:19","slug":"jovem-e-morto-com-5-tiros-em-esquina","status":"publish","type":"post","link":"http:\/\/www.portalmantena.com.br\/novo\/?p=20432","title":{"rendered":"Jovem \u00e9 morto com 5 tiros em esquina"},"content":{"rendered":"<p><span style=\"font-size: 14pt;\">Dois assassinatos foram registrados, na noite deste s\u00e1bado (18), na regi\u00e3o Leste de Minas Gerais. Nos dois casos as v\u00edtimas eram jovens e foram mortas a tiros. Nenhum suspeito foi preso. Um dos crimes foi na cidade de Governador Valadares. <\/span><\/p>\n<p><span style=\"font-size: 14pt;\">Marcos Vin\u00edcius dos Santos, de 20 anos, morreu ap\u00f3s ser atingido por, pelo menos cinco disparos, no bairro Santa Helena. Ele chegou a ser socorrido, mas n\u00e3o resistiu aos ferimentos. Testemunhas disseram aos militares que a v\u00edtima estava parada em uma esquina quando dois homens chegaram e atiraram. <\/span><\/p>\n<p><span style=\"font-size: 14pt;\">A dupla estava com o rosto coberto com toucas e, por isso, n\u00e3o foi poss\u00edvel identificar os criminosos. A v\u00edtima j\u00e1 tinha passagens pela pol\u00edcia por porte ilegal de arma e homic\u00eddio. Ao lado do corpo foi encontrada uma bucha de maconha. O material foi apreendido e levado para a delegacia. (fonte:g1\/vales).<\/span><\/p>\n","protected":false},"excerpt":{"rendered":"<p>Dois assassinatos foram registrados, na noite deste s\u00e1bado (18), na regi\u00e3o Leste de Minas Gerais. Nos dois casos as v\u00edtimas eram jovens e foram mortas a tiros. Nenhum suspeito foi preso. Um dos crimes foi na cidade de Governador Valadares. Marcos Vin\u00edcius dos Santos, de 20 anos, morreu ap\u00f3s ser atingido por, pelo menos cinco [&hellip;]<\/p>\n","protected":false},"author":1,"featured_media":0,"comment_status":"open","ping_status":"open","sticky":false,"template":"","format":"standard","meta":[],"categories":[24],"tags":[],"_links":{"self":[{"href":"http:\/\/www.portalmantena.com.br\/novo\/index.php?rest_route=\/wp\/v2\/posts\/20432"}],"collection":[{"href":"http:\/\/www.portalmantena.com.br\/novo\/index.php?rest_route=\/wp\/v2\/posts"}],"about":[{"href":"http:\/\/www.portalmantena.com.br\/novo\/index.php?rest_route=\/wp\/v2\/types\/post"}],"author":[{"embeddable":true,"href":"http:\/\/www.portalmantena.com.br\/novo\/index.php?rest_route=\/wp\/v2\/users\/1"}],"replies":[{"embeddable":true,"href":"http:\/\/www.portalmantena.com.br\/novo\/index.php?rest_route=%2Fwp%2Fv2%2Fcomments&post=20432"}],"version-history":[{"count":1,"href":"http:\/\/www.portalmantena.com.br\/novo\/index.php?rest_route=\/wp\/v2\/posts\/20432\/revisions"}],"predecessor-version":[{"id":20433,"href":"http:\/\/www.portalmantena.com.br\/novo\/index.php?rest_route=\/wp\/v2\/posts\/20432\/revisions\/20433"}],"wp:attachment":[{"href":"http:\/\/www.portalmantena.com.br\/novo\/index.php?rest_route=%2Fwp%2Fv2%2Fmedia&parent=20432"}],"wp:term":[{"taxonomy":"category","embeddable":true,"href":"http:\/\/www.portalmantena.com.br\/novo\/index.php?rest_route=%2Fwp%2Fv2%2Fcategories&post=20432"},{"taxonomy":"post_tag","embeddable":true,"href":"http:\/\/www.portalmantena.com.br\/novo\/index.php?rest_route=%2Fwp%2Fv2%2Ftags&post=20432"}],"curies":[{"name":"wp","href":"https:\/\/api.w.org\/{rel}","templated":true}]}}