{"id":20427,"date":"2017-11-20T09:16:07","date_gmt":"2017-11-20T11:16:07","guid":{"rendered":"http:\/\/www.portalmantena.com.br\/novo\/?p=20427"},"modified":"2017-11-20T09:16:07","modified_gmt":"2017-11-20T11:16:07","slug":"aniversario-em-dose-dupla-em-mantena","status":"publish","type":"post","link":"http:\/\/www.portalmantena.com.br\/novo\/?p=20427","title":{"rendered":"Anivers\u00e1rio em dose dupla em Mantena"},"content":{"rendered":"<p><a href=\"http:\/\/www.portalmantena.com.br\/novo\/wp-content\/uploads\/2017\/11\/vi201117reis1.jpg\"><img loading=\"lazy\" class=\"alignnone size-full wp-image-20428\" src=\"http:\/\/www.portalmantena.com.br\/novo\/wp-content\/uploads\/2017\/11\/vi201117reis1.jpg\" alt=\"\" width=\"700\" height=\"450\" srcset=\"http:\/\/www.portalmantena.com.br\/novo\/wp-content\/uploads\/2017\/11\/vi201117reis1.jpg 700w, http:\/\/www.portalmantena.com.br\/novo\/wp-content\/uploads\/2017\/11\/vi201117reis1-300x193.jpg 300w, http:\/\/www.portalmantena.com.br\/novo\/wp-content\/uploads\/2017\/11\/vi201117reis1-696x447.jpg 696w, http:\/\/www.portalmantena.com.br\/novo\/wp-content\/uploads\/2017\/11\/vi201117reis1-653x420.jpg 653w\" sizes=\"(max-width: 700px) 100vw, 700px\" \/><\/a><\/p>\n<p><span style=\"font-size: 14pt;\">A fam\u00edlia do nosso amigo Sr. Get\u00falio Reis, se reuniu neste final de semana para uma comemora\u00e7\u00e3o em dose dupla. Dois anivers\u00e1rios marcaram a reuni\u00e3o da fam\u00edlia neste s\u00e1bado dia 18 e domingo dia 19 de novembro com um grande bolo e churrasco. <\/span><\/p>\n<p><span style=\"font-size: 14pt;\">Sr.Get\u00falio comemorando seus 77 anos de vida e a filha Maria Rita comemorando 43 anos. <\/span><\/p>\n<p><span style=\"font-size: 14pt;\">Mais um agitado e alegre encontro da fam\u00edlia em Mantena, momento de descontra\u00e7\u00e3o e de agradecer a Deus pela vida destas pessoas especiais, parab\u00e9ns.<\/span><\/p>\n<p><a href=\"http:\/\/www.portalmantena.com.br\/novo\/wp-content\/uploads\/2017\/11\/vi201117reis2.jpg\"><img loading=\"lazy\" class=\"alignnone size-full wp-image-20429\" src=\"http:\/\/www.portalmantena.com.br\/novo\/wp-content\/uploads\/2017\/11\/vi201117reis2.jpg\" alt=\"\" width=\"700\" height=\"450\" srcset=\"http:\/\/www.portalmantena.com.br\/novo\/wp-content\/uploads\/2017\/11\/vi201117reis2.jpg 700w, http:\/\/www.portalmantena.com.br\/novo\/wp-content\/uploads\/2017\/11\/vi201117reis2-300x193.jpg 300w, http:\/\/www.portalmantena.com.br\/novo\/wp-content\/uploads\/2017\/11\/vi201117reis2-696x447.jpg 696w, http:\/\/www.portalmantena.com.br\/novo\/wp-content\/uploads\/2017\/11\/vi201117reis2-653x420.jpg 653w\" sizes=\"(max-width: 700px) 100vw, 700px\" \/><\/a> <a href=\"http:\/\/www.portalmantena.com.br\/novo\/wp-content\/uploads\/2017\/11\/vi201117reis3.jpg\"><img loading=\"lazy\" class=\"alignnone size-full wp-image-20430\" src=\"http:\/\/www.portalmantena.com.br\/novo\/wp-content\/uploads\/2017\/11\/vi201117reis3.jpg\" alt=\"\" width=\"700\" height=\"450\" srcset=\"http:\/\/www.portalmantena.com.br\/novo\/wp-content\/uploads\/2017\/11\/vi201117reis3.jpg 700w, http:\/\/www.portalmantena.com.br\/novo\/wp-content\/uploads\/2017\/11\/vi201117reis3-300x193.jpg 300w, http:\/\/www.portalmantena.com.br\/novo\/wp-content\/uploads\/2017\/11\/vi201117reis3-696x447.jpg 696w, http:\/\/www.portalmantena.com.br\/novo\/wp-content\/uploads\/2017\/11\/vi201117reis3-653x420.jpg 653w\" sizes=\"(max-width: 700px) 100vw, 700px\" \/><\/a><\/p>\n","protected":false},"excerpt":{"rendered":"<p>A fam\u00edlia do nosso amigo Sr. Get\u00falio Reis, se reuniu neste final de semana para uma comemora\u00e7\u00e3o em dose dupla. Dois anivers\u00e1rios marcaram a reuni\u00e3o da fam\u00edlia neste s\u00e1bado dia 18 e domingo dia 19 de novembro com um grande bolo e churrasco. Sr.Get\u00falio comemorando seus 77 anos de vida e a filha Maria Rita [&hellip;]<\/p>\n","protected":false},"author":1,"featured_media":20429,"comment_status":"open","ping_status":"open","sticky":false,"template":"","format":"standard","meta":[],"categories":[7],"tags":[],"_links":{"self":[{"href":"http:\/\/www.portalmantena.com.br\/novo\/index.php?rest_route=\/wp\/v2\/posts\/20427"}],"collection":[{"href":"http:\/\/www.portalmantena.com.br\/novo\/index.php?rest_route=\/wp\/v2\/posts"}],"about":[{"href":"http:\/\/www.portalmantena.com.br\/novo\/index.php?rest_route=\/wp\/v2\/types\/post"}],"author":[{"embeddable":true,"href":"http:\/\/www.portalmantena.com.br\/novo\/index.php?rest_route=\/wp\/v2\/users\/1"}],"replies":[{"embeddable":true,"href":"http:\/\/www.portalmantena.com.br\/novo\/index.php?rest_route=%2Fwp%2Fv2%2Fcomments&post=20427"}],"version-history":[{"count":1,"href":"http:\/\/www.portalmantena.com.br\/novo\/index.php?rest_route=\/wp\/v2\/posts\/20427\/revisions"}],"predecessor-version":[{"id":20431,"href":"http:\/\/www.portalmantena.com.br\/novo\/index.php?rest_route=\/wp\/v2\/posts\/20427\/revisions\/20431"}],"wp:featuredmedia":[{"embeddable":true,"href":"http:\/\/www.portalmantena.com.br\/novo\/index.php?rest_route=\/wp\/v2\/media\/20429"}],"wp:attachment":[{"href":"http:\/\/www.portalmantena.com.br\/novo\/index.php?rest_route=%2Fwp%2Fv2%2Fmedia&parent=20427"}],"wp:term":[{"taxonomy":"category","embeddable":true,"href":"http:\/\/www.portalmantena.com.br\/novo\/index.php?rest_route=%2Fwp%2Fv2%2Fcategories&post=20427"},{"taxonomy":"post_tag","embeddable":true,"href":"http:\/\/www.portalmantena.com.br\/novo\/index.php?rest_route=%2Fwp%2Fv2%2Ftags&post=20427"}],"curies":[{"name":"wp","href":"https:\/\/api.w.org\/{rel}","templated":true}]}}