{"id":20407,"date":"2017-11-20T08:14:41","date_gmt":"2017-11-20T10:14:41","guid":{"rendered":"http:\/\/www.portalmantena.com.br\/novo\/?p=20407"},"modified":"2017-11-20T08:14:41","modified_gmt":"2017-11-20T10:14:41","slug":"pm-recupera-moto-roubada-mas-o-autor-fugiu","status":"publish","type":"post","link":"http:\/\/www.portalmantena.com.br\/novo\/?p=20407","title":{"rendered":"PM recupera moto roubada mas o autor fugiu"},"content":{"rendered":"<p><a href=\"http:\/\/www.portalmantena.com.br\/novo\/wp-content\/uploads\/2017\/11\/no201117moto.jpg\"><img loading=\"lazy\" class=\"alignnone size-full wp-image-20408\" src=\"http:\/\/www.portalmantena.com.br\/novo\/wp-content\/uploads\/2017\/11\/no201117moto.jpg\" alt=\"\" width=\"700\" height=\"450\" srcset=\"http:\/\/www.portalmantena.com.br\/novo\/wp-content\/uploads\/2017\/11\/no201117moto.jpg 700w, http:\/\/www.portalmantena.com.br\/novo\/wp-content\/uploads\/2017\/11\/no201117moto-300x193.jpg 300w, http:\/\/www.portalmantena.com.br\/novo\/wp-content\/uploads\/2017\/11\/no201117moto-696x447.jpg 696w, http:\/\/www.portalmantena.com.br\/novo\/wp-content\/uploads\/2017\/11\/no201117moto-653x420.jpg 653w\" sizes=\"(max-width: 700px) 100vw, 700px\" \/><\/a><\/p>\n<p><span style=\"font-size: 14pt;\">Durante patrulhamento, a Pol\u00edcia Militar,\u00a0abordou no \u00faltimo s\u00e1bado, o suspeito G. J. A. e ap\u00f3s verifica\u00e7\u00e3o no sistema informatizado da Pol\u00edcia, constava que contra ele havia v\u00e1rias passagens pela Pol\u00edcia.\u00a0<\/span><\/p>\n<p><span style=\"font-size: 14pt;\">Ao realizar a consulta da placa da motocicleta que ele conduzia, uma Honda CG 150, o\u00a0homem\u00a0saiu\u00a0correndo pela \u00e1rea central e desapareceu. <\/span><\/p>\n<p><span style=\"font-size: 14pt;\">A\u00a0Motocicleta com placa PVT 8705 ano 2015 acusou impedimento com sinaliza\u00e7\u00e3o de furto\/roubo,\u00a0furtada no dia 14 de novembro deste ano, na cidade de Governador Valadares. <\/span><\/p>\n<p><span style=\"font-size: 14pt;\">A mesma\u00a0foi removida para o p\u00e1tio credenciado.(fonte\/foto:noticiasnoleste).<\/span><\/p>\n","protected":false},"excerpt":{"rendered":"<p>Durante patrulhamento, a Pol\u00edcia Militar,\u00a0abordou no \u00faltimo s\u00e1bado, o suspeito G. J. A. e ap\u00f3s verifica\u00e7\u00e3o no sistema informatizado da Pol\u00edcia, constava que contra ele havia v\u00e1rias passagens pela Pol\u00edcia.\u00a0 Ao realizar a consulta da placa da motocicleta que ele conduzia, uma Honda CG 150, o\u00a0homem\u00a0saiu\u00a0correndo pela \u00e1rea central e desapareceu. A\u00a0Motocicleta com placa PVT [&hellip;]<\/p>\n","protected":false},"author":1,"featured_media":20408,"comment_status":"open","ping_status":"open","sticky":false,"template":"","format":"standard","meta":[],"categories":[11,34],"tags":[],"_links":{"self":[{"href":"http:\/\/www.portalmantena.com.br\/novo\/index.php?rest_route=\/wp\/v2\/posts\/20407"}],"collection":[{"href":"http:\/\/www.portalmantena.com.br\/novo\/index.php?rest_route=\/wp\/v2\/posts"}],"about":[{"href":"http:\/\/www.portalmantena.com.br\/novo\/index.php?rest_route=\/wp\/v2\/types\/post"}],"author":[{"embeddable":true,"href":"http:\/\/www.portalmantena.com.br\/novo\/index.php?rest_route=\/wp\/v2\/users\/1"}],"replies":[{"embeddable":true,"href":"http:\/\/www.portalmantena.com.br\/novo\/index.php?rest_route=%2Fwp%2Fv2%2Fcomments&post=20407"}],"version-history":[{"count":1,"href":"http:\/\/www.portalmantena.com.br\/novo\/index.php?rest_route=\/wp\/v2\/posts\/20407\/revisions"}],"predecessor-version":[{"id":20409,"href":"http:\/\/www.portalmantena.com.br\/novo\/index.php?rest_route=\/wp\/v2\/posts\/20407\/revisions\/20409"}],"wp:featuredmedia":[{"embeddable":true,"href":"http:\/\/www.portalmantena.com.br\/novo\/index.php?rest_route=\/wp\/v2\/media\/20408"}],"wp:attachment":[{"href":"http:\/\/www.portalmantena.com.br\/novo\/index.php?rest_route=%2Fwp%2Fv2%2Fmedia&parent=20407"}],"wp:term":[{"taxonomy":"category","embeddable":true,"href":"http:\/\/www.portalmantena.com.br\/novo\/index.php?rest_route=%2Fwp%2Fv2%2Fcategories&post=20407"},{"taxonomy":"post_tag","embeddable":true,"href":"http:\/\/www.portalmantena.com.br\/novo\/index.php?rest_route=%2Fwp%2Fv2%2Ftags&post=20407"}],"curies":[{"name":"wp","href":"https:\/\/api.w.org\/{rel}","templated":true}]}}