{"id":20057,"date":"2017-11-14T14:07:15","date_gmt":"2017-11-14T16:07:15","guid":{"rendered":"http:\/\/www.portalmantena.com.br\/novo\/?p=20057"},"modified":"2017-11-14T14:07:15","modified_gmt":"2017-11-14T16:07:15","slug":"meninas-da-mol-vokswagen-no-lancamento-do-novo-polo","status":"publish","type":"post","link":"http:\/\/www.portalmantena.com.br\/novo\/?p=20057","title":{"rendered":"Meninas da Mol Vokswagen no lan\u00e7amento do Novo P\u00f3lo"},"content":{"rendered":"<p><a href=\"http:\/\/www.portalmantena.com.br\/novo\/wp-content\/uploads\/2017\/11\/vi141117mol.jpg\"><img loading=\"lazy\" class=\"alignnone size-full wp-image-20060\" src=\"http:\/\/www.portalmantena.com.br\/novo\/wp-content\/uploads\/2017\/11\/vi141117mol.jpg\" alt=\"\" width=\"700\" height=\"450\" srcset=\"http:\/\/www.portalmantena.com.br\/novo\/wp-content\/uploads\/2017\/11\/vi141117mol.jpg 700w, http:\/\/www.portalmantena.com.br\/novo\/wp-content\/uploads\/2017\/11\/vi141117mol-300x193.jpg 300w, http:\/\/www.portalmantena.com.br\/novo\/wp-content\/uploads\/2017\/11\/vi141117mol-696x447.jpg 696w, http:\/\/www.portalmantena.com.br\/novo\/wp-content\/uploads\/2017\/11\/vi141117mol-653x420.jpg 653w\" sizes=\"(max-width: 700px) 100vw, 700px\" \/><\/a><\/p>\n<p style=\"background: white; vertical-align: baseline; margin: 0cm 0cm 11.25pt 0cm;\"><span style=\"font-size: 14.0pt; font-family: 'Verdana','sans-serif'; color: #444444;\">No \u00faltimo s\u00e1bado dia 11 de Novembro, aconteceu em Mantena o lan\u00e7amento do novo P\u00f3lo, um carro que chama aten\u00e7\u00e3o pelo designer e modernidade. <\/span><\/p>\n<p style=\"background: white; vertical-align: baseline; margin: 0cm 0cm 11.25pt 0cm;\"><span style=\"font-size: 14.0pt; font-family: 'Verdana','sans-serif'; color: #444444;\">Quem participou deste momento, prestigiando o evento e dando todo suporte foram as mantenenses V\u00e2nia Mara e Silv\u00e9ria, que s\u00e3o colaboradoras na Mol Vokswagen em Mantena, atendendo sempre os amigos clientes com toda a aten\u00e7\u00e3o e carinho. <\/span><\/p>\n","protected":false},"excerpt":{"rendered":"<p>No \u00faltimo s\u00e1bado dia 11 de Novembro, aconteceu em Mantena o lan\u00e7amento do novo P\u00f3lo, um carro que chama aten\u00e7\u00e3o pelo designer e modernidade. Quem participou deste momento, prestigiando o evento e dando todo suporte foram as mantenenses V\u00e2nia Mara e Silv\u00e9ria, que s\u00e3o colaboradoras na Mol Vokswagen em Mantena, atendendo sempre os amigos clientes [&hellip;]<\/p>\n","protected":false},"author":1,"featured_media":20060,"comment_status":"open","ping_status":"open","sticky":false,"template":"","format":"standard","meta":[],"categories":[7],"tags":[],"_links":{"self":[{"href":"http:\/\/www.portalmantena.com.br\/novo\/index.php?rest_route=\/wp\/v2\/posts\/20057"}],"collection":[{"href":"http:\/\/www.portalmantena.com.br\/novo\/index.php?rest_route=\/wp\/v2\/posts"}],"about":[{"href":"http:\/\/www.portalmantena.com.br\/novo\/index.php?rest_route=\/wp\/v2\/types\/post"}],"author":[{"embeddable":true,"href":"http:\/\/www.portalmantena.com.br\/novo\/index.php?rest_route=\/wp\/v2\/users\/1"}],"replies":[{"embeddable":true,"href":"http:\/\/www.portalmantena.com.br\/novo\/index.php?rest_route=%2Fwp%2Fv2%2Fcomments&post=20057"}],"version-history":[{"count":1,"href":"http:\/\/www.portalmantena.com.br\/novo\/index.php?rest_route=\/wp\/v2\/posts\/20057\/revisions"}],"predecessor-version":[{"id":20061,"href":"http:\/\/www.portalmantena.com.br\/novo\/index.php?rest_route=\/wp\/v2\/posts\/20057\/revisions\/20061"}],"wp:featuredmedia":[{"embeddable":true,"href":"http:\/\/www.portalmantena.com.br\/novo\/index.php?rest_route=\/wp\/v2\/media\/20060"}],"wp:attachment":[{"href":"http:\/\/www.portalmantena.com.br\/novo\/index.php?rest_route=%2Fwp%2Fv2%2Fmedia&parent=20057"}],"wp:term":[{"taxonomy":"category","embeddable":true,"href":"http:\/\/www.portalmantena.com.br\/novo\/index.php?rest_route=%2Fwp%2Fv2%2Fcategories&post=20057"},{"taxonomy":"post_tag","embeddable":true,"href":"http:\/\/www.portalmantena.com.br\/novo\/index.php?rest_route=%2Fwp%2Fv2%2Ftags&post=20057"}],"curies":[{"name":"wp","href":"https:\/\/api.w.org\/{rel}","templated":true}]}}