{"id":20047,"date":"2017-11-14T13:27:34","date_gmt":"2017-11-14T15:27:34","guid":{"rendered":"http:\/\/www.portalmantena.com.br\/novo\/?p=20047"},"modified":"2017-11-14T13:27:34","modified_gmt":"2017-11-14T15:27:34","slug":"irmaos-pereira-se-reencontrando-em-mantena","status":"publish","type":"post","link":"http:\/\/www.portalmantena.com.br\/novo\/?p=20047","title":{"rendered":"Irm\u00e3os Pereira se reencontrando em Mantena"},"content":{"rendered":"<p><a href=\"http:\/\/www.portalmantena.com.br\/novo\/wp-content\/uploads\/2017\/11\/vi141117niver1.jpg\"><img loading=\"lazy\" class=\"alignnone size-full wp-image-20048\" src=\"http:\/\/www.portalmantena.com.br\/novo\/wp-content\/uploads\/2017\/11\/vi141117niver1.jpg\" alt=\"\" width=\"700\" height=\"450\" srcset=\"http:\/\/www.portalmantena.com.br\/novo\/wp-content\/uploads\/2017\/11\/vi141117niver1.jpg 700w, http:\/\/www.portalmantena.com.br\/novo\/wp-content\/uploads\/2017\/11\/vi141117niver1-300x193.jpg 300w, http:\/\/www.portalmantena.com.br\/novo\/wp-content\/uploads\/2017\/11\/vi141117niver1-696x447.jpg 696w, http:\/\/www.portalmantena.com.br\/novo\/wp-content\/uploads\/2017\/11\/vi141117niver1-653x420.jpg 653w\" sizes=\"(max-width: 700px) 100vw, 700px\" \/><\/a><\/p>\n<p><span style=\"font-size: 14pt;\">Um belo momento de descontra\u00e7\u00e3o e carinho em Mantena com o encontro dos irm\u00e3os Pereira, Janinho, Dr. J\u00falio e Mauro, ocasi\u00e3o do anivers\u00e1rio de 15 anos da Marina filha de Janinho &amp; Ana. Momento especial registrado pela revista VITRINE.<\/span><\/p>\n<p><a href=\"http:\/\/www.portalmantena.com.br\/novo\/wp-content\/uploads\/2017\/11\/vi141117niver2.jpg\"><img loading=\"lazy\" class=\"alignnone size-full wp-image-20049\" src=\"http:\/\/www.portalmantena.com.br\/novo\/wp-content\/uploads\/2017\/11\/vi141117niver2.jpg\" alt=\"\" width=\"700\" height=\"450\" srcset=\"http:\/\/www.portalmantena.com.br\/novo\/wp-content\/uploads\/2017\/11\/vi141117niver2.jpg 700w, http:\/\/www.portalmantena.com.br\/novo\/wp-content\/uploads\/2017\/11\/vi141117niver2-300x193.jpg 300w, http:\/\/www.portalmantena.com.br\/novo\/wp-content\/uploads\/2017\/11\/vi141117niver2-696x447.jpg 696w, http:\/\/www.portalmantena.com.br\/novo\/wp-content\/uploads\/2017\/11\/vi141117niver2-653x420.jpg 653w\" sizes=\"(max-width: 700px) 100vw, 700px\" \/><\/a><\/p>\n","protected":false},"excerpt":{"rendered":"<p>Um belo momento de descontra\u00e7\u00e3o e carinho em Mantena com o encontro dos irm\u00e3os Pereira, Janinho, Dr. J\u00falio e Mauro, ocasi\u00e3o do anivers\u00e1rio de 15 anos da Marina filha de Janinho &amp; Ana. Momento especial registrado pela revista VITRINE.<\/p>\n","protected":false},"author":1,"featured_media":20049,"comment_status":"open","ping_status":"open","sticky":false,"template":"","format":"standard","meta":[],"categories":[7],"tags":[],"_links":{"self":[{"href":"http:\/\/www.portalmantena.com.br\/novo\/index.php?rest_route=\/wp\/v2\/posts\/20047"}],"collection":[{"href":"http:\/\/www.portalmantena.com.br\/novo\/index.php?rest_route=\/wp\/v2\/posts"}],"about":[{"href":"http:\/\/www.portalmantena.com.br\/novo\/index.php?rest_route=\/wp\/v2\/types\/post"}],"author":[{"embeddable":true,"href":"http:\/\/www.portalmantena.com.br\/novo\/index.php?rest_route=\/wp\/v2\/users\/1"}],"replies":[{"embeddable":true,"href":"http:\/\/www.portalmantena.com.br\/novo\/index.php?rest_route=%2Fwp%2Fv2%2Fcomments&post=20047"}],"version-history":[{"count":1,"href":"http:\/\/www.portalmantena.com.br\/novo\/index.php?rest_route=\/wp\/v2\/posts\/20047\/revisions"}],"predecessor-version":[{"id":20050,"href":"http:\/\/www.portalmantena.com.br\/novo\/index.php?rest_route=\/wp\/v2\/posts\/20047\/revisions\/20050"}],"wp:featuredmedia":[{"embeddable":true,"href":"http:\/\/www.portalmantena.com.br\/novo\/index.php?rest_route=\/wp\/v2\/media\/20049"}],"wp:attachment":[{"href":"http:\/\/www.portalmantena.com.br\/novo\/index.php?rest_route=%2Fwp%2Fv2%2Fmedia&parent=20047"}],"wp:term":[{"taxonomy":"category","embeddable":true,"href":"http:\/\/www.portalmantena.com.br\/novo\/index.php?rest_route=%2Fwp%2Fv2%2Fcategories&post=20047"},{"taxonomy":"post_tag","embeddable":true,"href":"http:\/\/www.portalmantena.com.br\/novo\/index.php?rest_route=%2Fwp%2Fv2%2Ftags&post=20047"}],"curies":[{"name":"wp","href":"https:\/\/api.w.org\/{rel}","templated":true}]}}