{"id":20020,"date":"2017-11-14T12:34:00","date_gmt":"2017-11-14T14:34:00","guid":{"rendered":"http:\/\/www.portalmantena.com.br\/novo\/?p=20020"},"modified":"2017-11-14T08:53:40","modified_gmt":"2017-11-14T10:53:40","slug":"nova-farda-da-pm-de-minas-e-testada-em-mantena","status":"publish","type":"post","link":"http:\/\/www.portalmantena.com.br\/novo\/?p=20020","title":{"rendered":"Nova farda da PM de Minas \u00e9 testada em Mantena"},"content":{"rendered":"<p><a href=\"http:\/\/www.portalmantena.com.br\/novo\/wp-content\/uploads\/2017\/09\/logono2.jpg\"><img loading=\"lazy\" class=\"alignnone size-full wp-image-16882\" src=\"http:\/\/www.portalmantena.com.br\/novo\/wp-content\/uploads\/2017\/09\/logono2.jpg\" alt=\"\" width=\"700\" height=\"40\" srcset=\"http:\/\/www.portalmantena.com.br\/novo\/wp-content\/uploads\/2017\/09\/logono2.jpg 700w, http:\/\/www.portalmantena.com.br\/novo\/wp-content\/uploads\/2017\/09\/logono2-300x17.jpg 300w, http:\/\/www.portalmantena.com.br\/novo\/wp-content\/uploads\/2017\/09\/logono2-696x40.jpg 696w\" sizes=\"(max-width: 700px) 100vw, 700px\" \/><\/a><a href=\"http:\/\/www.portalmantena.com.br\/novo\/wp-content\/uploads\/2017\/11\/no141117pm1.jpg\"><img loading=\"lazy\" class=\"alignnone size-full wp-image-20021\" src=\"http:\/\/www.portalmantena.com.br\/novo\/wp-content\/uploads\/2017\/11\/no141117pm1.jpg\" alt=\"\" width=\"700\" height=\"450\" srcset=\"http:\/\/www.portalmantena.com.br\/novo\/wp-content\/uploads\/2017\/11\/no141117pm1.jpg 700w, http:\/\/www.portalmantena.com.br\/novo\/wp-content\/uploads\/2017\/11\/no141117pm1-300x193.jpg 300w, http:\/\/www.portalmantena.com.br\/novo\/wp-content\/uploads\/2017\/11\/no141117pm1-696x447.jpg 696w, http:\/\/www.portalmantena.com.br\/novo\/wp-content\/uploads\/2017\/11\/no141117pm1-653x420.jpg 653w\" sizes=\"(max-width: 700px) 100vw, 700px\" \/><\/a><\/p>\n<p><span style=\"font-size: 14pt;\">Policiais militares come\u00e7aram a testar em Minas Gerais, os tr\u00eas novos modelos de fardas que podem ser adotados pela corpora\u00e7\u00e3o. As principais mudan\u00e7as ser\u00e3o no material do fardamento e a troca das boinas por bon\u00e9s. <\/span><\/p>\n<p><span style=\"font-size: 14pt;\">A aposta \u00e9 que os uniformes dar\u00e3o mais mobilidade e conforto aos militares. Em Mantena o militar Sargento Marinho foi selecionado para fazer este teste no novo fardamento, a avalia\u00e7\u00e3o dele como tamb\u00e9m dos outros policiais no estado ser\u00e3o feitas at\u00e9 o m\u00eas de mar\u00e7o de 2018 quando ent\u00e3o ser\u00e1 definida uma prov\u00e1vel mudan\u00e7a nas fardas.<\/span><\/p>\n<p><span style=\"font-size: 14pt;\"> Foram distribu\u00eddos, em todo o estado, 550 conjuntos dos tr\u00eas novos modelos. Conforme a PM, essa distribui\u00e7\u00e3o permite atingir as varia\u00e7\u00f5es clim\u00e1ticas existentes no estado. <\/span><\/p>\n<p><span style=\"font-size: 14pt;\">Se aprovados, os modelos devem ser adotados nos primeiros meses do ano que vem, e o fardamento atual, que h\u00e1 d\u00e9cadas n\u00e3o sofre grandes altera\u00e7\u00f5es, ser\u00e1 extinto. <\/span><\/p>\n<p><span style=\"font-size: 14pt;\">A cor c\u00e1qui ser\u00e1 mantida em todos os novos fardamentos. Um dos modelos \u00e9 com camisa de manga curta e fabricado com \u201cdry fit\u201d, tecido sint\u00e9tico que facilita a absor\u00e7\u00e3o e evapora\u00e7\u00e3o r\u00e1pida do suor, mantendo a pele mais seca e aumentado, assim, o conforto t\u00e9rmico. <\/span><\/p>\n<p><span style=\"font-size: 14pt;\">O segundo modelo de farda testado \u00e9 de mangas compridas. <\/span><\/p>\n<p><span style=\"font-size: 14pt;\">A blusa tem as mangas dobr\u00e1veis e \u00e9 feita em tecido \u201crip stop\u201d, que, conforme e a PM, \u00e9 mais dur\u00e1vel e \u201cextremamente resistente \u00e0 abras\u00e3o, fornecendo prote\u00e7\u00e3o extra para \u00e1reas n\u00e3o protegidas pelo colete\u201d. At\u00e9 ent\u00e3o, os policias de batalh\u00f5es n\u00e3o especializados s\u00f3 tinham uniformes de mangas curtas e, para o frio, um blus\u00e3o preto.<\/span><\/p>\n<p>&nbsp;<\/p>\n<p><a href=\"http:\/\/www.portalmantena.com.br\/novo\/wp-content\/uploads\/2017\/11\/no141117pm2.jpg\"><img loading=\"lazy\" class=\"alignnone size-full wp-image-20022\" src=\"http:\/\/www.portalmantena.com.br\/novo\/wp-content\/uploads\/2017\/11\/no141117pm2.jpg\" alt=\"\" width=\"700\" height=\"450\" srcset=\"http:\/\/www.portalmantena.com.br\/novo\/wp-content\/uploads\/2017\/11\/no141117pm2.jpg 700w, http:\/\/www.portalmantena.com.br\/novo\/wp-content\/uploads\/2017\/11\/no141117pm2-300x193.jpg 300w, http:\/\/www.portalmantena.com.br\/novo\/wp-content\/uploads\/2017\/11\/no141117pm2-696x447.jpg 696w, http:\/\/www.portalmantena.com.br\/novo\/wp-content\/uploads\/2017\/11\/no141117pm2-653x420.jpg 653w\" sizes=\"(max-width: 700px) 100vw, 700px\" \/><\/a><\/p>\n","protected":false},"excerpt":{"rendered":"<p>Policiais militares come\u00e7aram a testar em Minas Gerais, os tr\u00eas novos modelos de fardas que podem ser adotados pela corpora\u00e7\u00e3o. As principais mudan\u00e7as ser\u00e3o no material do fardamento e a troca das boinas por bon\u00e9s. A aposta \u00e9 que os uniformes dar\u00e3o mais mobilidade e conforto aos militares. Em Mantena o militar Sargento Marinho foi [&hellip;]<\/p>\n","protected":false},"author":1,"featured_media":20021,"comment_status":"open","ping_status":"open","sticky":false,"template":"","format":"standard","meta":[],"categories":[36,11],"tags":[],"_links":{"self":[{"href":"http:\/\/www.portalmantena.com.br\/novo\/index.php?rest_route=\/wp\/v2\/posts\/20020"}],"collection":[{"href":"http:\/\/www.portalmantena.com.br\/novo\/index.php?rest_route=\/wp\/v2\/posts"}],"about":[{"href":"http:\/\/www.portalmantena.com.br\/novo\/index.php?rest_route=\/wp\/v2\/types\/post"}],"author":[{"embeddable":true,"href":"http:\/\/www.portalmantena.com.br\/novo\/index.php?rest_route=\/wp\/v2\/users\/1"}],"replies":[{"embeddable":true,"href":"http:\/\/www.portalmantena.com.br\/novo\/index.php?rest_route=%2Fwp%2Fv2%2Fcomments&post=20020"}],"version-history":[{"count":2,"href":"http:\/\/www.portalmantena.com.br\/novo\/index.php?rest_route=\/wp\/v2\/posts\/20020\/revisions"}],"predecessor-version":[{"id":20032,"href":"http:\/\/www.portalmantena.com.br\/novo\/index.php?rest_route=\/wp\/v2\/posts\/20020\/revisions\/20032"}],"wp:featuredmedia":[{"embeddable":true,"href":"http:\/\/www.portalmantena.com.br\/novo\/index.php?rest_route=\/wp\/v2\/media\/20021"}],"wp:attachment":[{"href":"http:\/\/www.portalmantena.com.br\/novo\/index.php?rest_route=%2Fwp%2Fv2%2Fmedia&parent=20020"}],"wp:term":[{"taxonomy":"category","embeddable":true,"href":"http:\/\/www.portalmantena.com.br\/novo\/index.php?rest_route=%2Fwp%2Fv2%2Fcategories&post=20020"},{"taxonomy":"post_tag","embeddable":true,"href":"http:\/\/www.portalmantena.com.br\/novo\/index.php?rest_route=%2Fwp%2Fv2%2Ftags&post=20020"}],"curies":[{"name":"wp","href":"https:\/\/api.w.org\/{rel}","templated":true}]}}