{"id":19944,"date":"2017-11-14T04:22:27","date_gmt":"2017-11-14T06:22:27","guid":{"rendered":"http:\/\/www.portalmantena.com.br\/novo\/?p=19944"},"modified":"2017-11-14T08:53:05","modified_gmt":"2017-11-14T10:53:05","slug":"prefeitura-da-regiao-esta-construindo-viveiro-para-produzir-mudas","status":"publish","type":"post","link":"http:\/\/www.portalmantena.com.br\/novo\/?p=19944","title":{"rendered":"Prefeitura da regi\u00e3o est\u00e1 construindo viveiro para produzir mudas"},"content":{"rendered":"<p><a href=\"http:\/\/www.portalmantena.com.br\/novo\/wp-content\/uploads\/2017\/09\/logono2.jpg\"><img loading=\"lazy\" class=\"alignnone size-full wp-image-16882\" src=\"http:\/\/www.portalmantena.com.br\/novo\/wp-content\/uploads\/2017\/09\/logono2.jpg\" alt=\"\" width=\"700\" height=\"40\" srcset=\"http:\/\/www.portalmantena.com.br\/novo\/wp-content\/uploads\/2017\/09\/logono2.jpg 700w, http:\/\/www.portalmantena.com.br\/novo\/wp-content\/uploads\/2017\/09\/logono2-300x17.jpg 300w, http:\/\/www.portalmantena.com.br\/novo\/wp-content\/uploads\/2017\/09\/logono2-696x40.jpg 696w\" sizes=\"(max-width: 700px) 100vw, 700px\" \/><\/a><a href=\"http:\/\/www.portalmantena.com.br\/novo\/wp-content\/uploads\/2017\/11\/no131117viveiro.jpg\"><img loading=\"lazy\" class=\"alignnone size-full wp-image-19945\" src=\"http:\/\/www.portalmantena.com.br\/novo\/wp-content\/uploads\/2017\/11\/no131117viveiro.jpg\" alt=\"\" width=\"700\" height=\"450\" srcset=\"http:\/\/www.portalmantena.com.br\/novo\/wp-content\/uploads\/2017\/11\/no131117viveiro.jpg 700w, http:\/\/www.portalmantena.com.br\/novo\/wp-content\/uploads\/2017\/11\/no131117viveiro-300x193.jpg 300w, http:\/\/www.portalmantena.com.br\/novo\/wp-content\/uploads\/2017\/11\/no131117viveiro-696x447.jpg 696w, http:\/\/www.portalmantena.com.br\/novo\/wp-content\/uploads\/2017\/11\/no131117viveiro-653x420.jpg 653w\" sizes=\"(max-width: 700px) 100vw, 700px\" \/><\/a><\/p>\n<p><span style=\"font-size: 14pt;\">A Prefeitura do munic\u00edpio de Divino das Laranjeiras vem investindo em meio ambiente e sustentabilidade. Um viveiro para a produ\u00e7\u00e3o de mudas de \u00e1rvores nativas j\u00e1 \u00e9 uma realidade em Divino das Laranjeiras. <\/span><\/p>\n<p><span style=\"font-size: 14pt;\">O Prefeito Municipal, Kinka Alves, realiza mais um importante obra no munic\u00edpio com a constru\u00e7\u00e3o de um viveiro que produzir\u00e1 mudas que ser\u00e3o utilizadas na recupera\u00e7\u00e3o de nascentes, recupera\u00e7\u00e3o de \u00e1reas degradadas, reconstitui\u00e7\u00e3o da flora em \u00e1rea de preserva\u00e7\u00e3o permanente, bem como para o paisagismo da cidade. <\/span><\/p>\n<p><span style=\"font-size: 14pt;\">Segundo disse o Prefeito Kinka, &#8220;Este \u00e9 um investimento em qualidade de vida de todos que moram e visitam o munic\u00edpio de Divino das Laranjeiras&#8221;. <\/span><\/p>\n<p><span style=\"font-size: 14pt;\">A respons\u00e1vel t\u00e9cnica pelo viveiro \u00e9 a Gestora Ambiental Simony Amarante, que vem realizando um excelente trabalho na \u00e1rea de meio ambiente.<\/span><\/p>\n","protected":false},"excerpt":{"rendered":"<p>A Prefeitura do munic\u00edpio de Divino das Laranjeiras vem investindo em meio ambiente e sustentabilidade. Um viveiro para a produ\u00e7\u00e3o de mudas de \u00e1rvores nativas j\u00e1 \u00e9 uma realidade em Divino das Laranjeiras. O Prefeito Municipal, Kinka Alves, realiza mais um importante obra no munic\u00edpio com a constru\u00e7\u00e3o de um viveiro que produzir\u00e1 mudas que [&hellip;]<\/p>\n","protected":false},"author":1,"featured_media":19945,"comment_status":"open","ping_status":"open","sticky":false,"template":"","format":"standard","meta":[],"categories":[12,39],"tags":[],"_links":{"self":[{"href":"http:\/\/www.portalmantena.com.br\/novo\/index.php?rest_route=\/wp\/v2\/posts\/19944"}],"collection":[{"href":"http:\/\/www.portalmantena.com.br\/novo\/index.php?rest_route=\/wp\/v2\/posts"}],"about":[{"href":"http:\/\/www.portalmantena.com.br\/novo\/index.php?rest_route=\/wp\/v2\/types\/post"}],"author":[{"embeddable":true,"href":"http:\/\/www.portalmantena.com.br\/novo\/index.php?rest_route=\/wp\/v2\/users\/1"}],"replies":[{"embeddable":true,"href":"http:\/\/www.portalmantena.com.br\/novo\/index.php?rest_route=%2Fwp%2Fv2%2Fcomments&post=19944"}],"version-history":[{"count":2,"href":"http:\/\/www.portalmantena.com.br\/novo\/index.php?rest_route=\/wp\/v2\/posts\/19944\/revisions"}],"predecessor-version":[{"id":20031,"href":"http:\/\/www.portalmantena.com.br\/novo\/index.php?rest_route=\/wp\/v2\/posts\/19944\/revisions\/20031"}],"wp:featuredmedia":[{"embeddable":true,"href":"http:\/\/www.portalmantena.com.br\/novo\/index.php?rest_route=\/wp\/v2\/media\/19945"}],"wp:attachment":[{"href":"http:\/\/www.portalmantena.com.br\/novo\/index.php?rest_route=%2Fwp%2Fv2%2Fmedia&parent=19944"}],"wp:term":[{"taxonomy":"category","embeddable":true,"href":"http:\/\/www.portalmantena.com.br\/novo\/index.php?rest_route=%2Fwp%2Fv2%2Fcategories&post=19944"},{"taxonomy":"post_tag","embeddable":true,"href":"http:\/\/www.portalmantena.com.br\/novo\/index.php?rest_route=%2Fwp%2Fv2%2Ftags&post=19944"}],"curies":[{"name":"wp","href":"https:\/\/api.w.org\/{rel}","templated":true}]}}