{"id":19333,"date":"2017-11-04T08:27:13","date_gmt":"2017-11-04T10:27:13","guid":{"rendered":"http:\/\/www.portalmantena.com.br\/novo\/?p=19333"},"modified":"2017-11-04T08:38:19","modified_gmt":"2017-11-04T10:38:19","slug":"acidente-violento-em-mantena-carro-bate-em-arvore-e-motor-e-arrancado","status":"publish","type":"post","link":"http:\/\/www.portalmantena.com.br\/novo\/?p=19333","title":{"rendered":"Acidente violento em Mantena, carro bate e motor \u00e9 arrancado"},"content":{"rendered":"<p><a href=\"http:\/\/www.portalmantena.com.br\/novo\/wp-content\/uploads\/2017\/09\/logono2.jpg\"><img loading=\"lazy\" class=\"alignnone size-full wp-image-16882\" src=\"http:\/\/www.portalmantena.com.br\/novo\/wp-content\/uploads\/2017\/09\/logono2.jpg\" alt=\"\" width=\"700\" height=\"40\" srcset=\"http:\/\/www.portalmantena.com.br\/novo\/wp-content\/uploads\/2017\/09\/logono2.jpg 700w, http:\/\/www.portalmantena.com.br\/novo\/wp-content\/uploads\/2017\/09\/logono2-300x17.jpg 300w, http:\/\/www.portalmantena.com.br\/novo\/wp-content\/uploads\/2017\/09\/logono2-696x40.jpg 696w\" sizes=\"(max-width: 700px) 100vw, 700px\" \/><\/a><a href=\"http:\/\/www.portalmantena.com.br\/novo\/wp-content\/uploads\/2017\/11\/no041117aci1.jpg\"><img loading=\"lazy\" class=\"alignnone size-full wp-image-19334\" src=\"http:\/\/www.portalmantena.com.br\/novo\/wp-content\/uploads\/2017\/11\/no041117aci1.jpg\" alt=\"\" width=\"700\" height=\"450\" srcset=\"http:\/\/www.portalmantena.com.br\/novo\/wp-content\/uploads\/2017\/11\/no041117aci1.jpg 700w, http:\/\/www.portalmantena.com.br\/novo\/wp-content\/uploads\/2017\/11\/no041117aci1-300x193.jpg 300w, http:\/\/www.portalmantena.com.br\/novo\/wp-content\/uploads\/2017\/11\/no041117aci1-696x447.jpg 696w, http:\/\/www.portalmantena.com.br\/novo\/wp-content\/uploads\/2017\/11\/no041117aci1-653x420.jpg 653w\" sizes=\"(max-width: 700px) 100vw, 700px\" \/><\/a><\/p>\n<p><span style=\"font-size: 14pt;\">Um grave acidente foi registrado por volta das 3 horas da madrugada deste s\u00e1bado dia 04 de Novembro, em um trecho da MGC 381 pr\u00f3ximo ao parque de Exposi\u00e7\u00f5es na sa\u00edda de Mantena para Barra de S\u00e3o Francisco. <\/span><\/p>\n<p><span style=\"font-size: 14pt;\">Segundo informa\u00e7\u00f5es, um ve\u00edculo de cor branca, com placas de Barra de S\u00e3o Francisco seguia em alta velocidade, quando o condutor perdeu a dire\u00e7\u00e3o e bateu violentamente contra uma \u00e1rvore \u00e0s margens da rodovia, arrancando inclusive algumas lascas de cerca de uma propriedade rural no local. <\/span><\/p>\n<p><span style=\"font-size: 14pt;\">O impacto foi t\u00e3o violento que o motor do carro foi arrancado e arremessado cerca de 50 metros do ve\u00edculo (motor separou do carro).<\/span><\/p>\n<p><span style=\"font-size: 14pt;\">Uma imagem impressionante (foto), a parte frontal do ve\u00edculo (eixo dianteiro), ficou separada do restante do carro.<\/span><\/p>\n<p><span style=\"font-size: 14pt;\">De acordo com informa\u00e7\u00f5es, haviam dois ocupantes no ve\u00edculo e eles teriam sa\u00eddo andando ap\u00f3s o acidente, e foram levados para atendimento m\u00e9dico em Barra de S\u00e3o Francisco. <\/span><\/p>\n<p><span style=\"font-size: 14pt;\">O carro ficou completamente destru\u00eddo. A pol\u00edcia militar esteve no local , sinalizou a rodovia e acompanhou a ocorr\u00eancia.<\/span><\/p>\n<p><a href=\"http:\/\/www.portalmantena.com.br\/novo\/wp-content\/uploads\/2017\/11\/no041117aci2.jpg\"><img loading=\"lazy\" class=\"alignnone size-full wp-image-19335\" src=\"http:\/\/www.portalmantena.com.br\/novo\/wp-content\/uploads\/2017\/11\/no041117aci2.jpg\" alt=\"\" width=\"700\" height=\"450\" srcset=\"http:\/\/www.portalmantena.com.br\/novo\/wp-content\/uploads\/2017\/11\/no041117aci2.jpg 700w, http:\/\/www.portalmantena.com.br\/novo\/wp-content\/uploads\/2017\/11\/no041117aci2-300x193.jpg 300w, http:\/\/www.portalmantena.com.br\/novo\/wp-content\/uploads\/2017\/11\/no041117aci2-696x447.jpg 696w, http:\/\/www.portalmantena.com.br\/novo\/wp-content\/uploads\/2017\/11\/no041117aci2-653x420.jpg 653w\" sizes=\"(max-width: 700px) 100vw, 700px\" \/><\/a> <a href=\"http:\/\/www.portalmantena.com.br\/novo\/wp-content\/uploads\/2017\/11\/no041117aci3.jpg\"><img loading=\"lazy\" class=\"alignnone size-full wp-image-19336\" src=\"http:\/\/www.portalmantena.com.br\/novo\/wp-content\/uploads\/2017\/11\/no041117aci3.jpg\" alt=\"\" width=\"700\" height=\"450\" srcset=\"http:\/\/www.portalmantena.com.br\/novo\/wp-content\/uploads\/2017\/11\/no041117aci3.jpg 700w, http:\/\/www.portalmantena.com.br\/novo\/wp-content\/uploads\/2017\/11\/no041117aci3-300x193.jpg 300w, http:\/\/www.portalmantena.com.br\/novo\/wp-content\/uploads\/2017\/11\/no041117aci3-696x447.jpg 696w, http:\/\/www.portalmantena.com.br\/novo\/wp-content\/uploads\/2017\/11\/no041117aci3-653x420.jpg 653w\" sizes=\"(max-width: 700px) 100vw, 700px\" \/><\/a> <a href=\"http:\/\/www.portalmantena.com.br\/novo\/wp-content\/uploads\/2017\/11\/no041117aci4.jpg\"><img loading=\"lazy\" class=\"alignnone size-full wp-image-19337\" src=\"http:\/\/www.portalmantena.com.br\/novo\/wp-content\/uploads\/2017\/11\/no041117aci4.jpg\" alt=\"\" width=\"700\" height=\"450\" srcset=\"http:\/\/www.portalmantena.com.br\/novo\/wp-content\/uploads\/2017\/11\/no041117aci4.jpg 700w, http:\/\/www.portalmantena.com.br\/novo\/wp-content\/uploads\/2017\/11\/no041117aci4-300x193.jpg 300w, http:\/\/www.portalmantena.com.br\/novo\/wp-content\/uploads\/2017\/11\/no041117aci4-696x447.jpg 696w, http:\/\/www.portalmantena.com.br\/novo\/wp-content\/uploads\/2017\/11\/no041117aci4-653x420.jpg 653w\" sizes=\"(max-width: 700px) 100vw, 700px\" \/><\/a> <a href=\"http:\/\/www.portalmantena.com.br\/novo\/wp-content\/uploads\/2017\/11\/no041117aci5.jpg\"><img loading=\"lazy\" class=\"alignnone size-full wp-image-19338\" src=\"http:\/\/www.portalmantena.com.br\/novo\/wp-content\/uploads\/2017\/11\/no041117aci5.jpg\" alt=\"\" width=\"700\" height=\"450\" srcset=\"http:\/\/www.portalmantena.com.br\/novo\/wp-content\/uploads\/2017\/11\/no041117aci5.jpg 700w, http:\/\/www.portalmantena.com.br\/novo\/wp-content\/uploads\/2017\/11\/no041117aci5-300x193.jpg 300w, http:\/\/www.portalmantena.com.br\/novo\/wp-content\/uploads\/2017\/11\/no041117aci5-696x447.jpg 696w, http:\/\/www.portalmantena.com.br\/novo\/wp-content\/uploads\/2017\/11\/no041117aci5-653x420.jpg 653w\" sizes=\"(max-width: 700px) 100vw, 700px\" \/><\/a> <a href=\"http:\/\/www.portalmantena.com.br\/novo\/wp-content\/uploads\/2017\/11\/no041117aci6.jpg\"><img loading=\"lazy\" class=\"alignnone size-full wp-image-19339\" src=\"http:\/\/www.portalmantena.com.br\/novo\/wp-content\/uploads\/2017\/11\/no041117aci6.jpg\" alt=\"\" width=\"700\" height=\"450\" srcset=\"http:\/\/www.portalmantena.com.br\/novo\/wp-content\/uploads\/2017\/11\/no041117aci6.jpg 700w, http:\/\/www.portalmantena.com.br\/novo\/wp-content\/uploads\/2017\/11\/no041117aci6-300x193.jpg 300w, http:\/\/www.portalmantena.com.br\/novo\/wp-content\/uploads\/2017\/11\/no041117aci6-696x447.jpg 696w, http:\/\/www.portalmantena.com.br\/novo\/wp-content\/uploads\/2017\/11\/no041117aci6-653x420.jpg 653w\" sizes=\"(max-width: 700px) 100vw, 700px\" \/><\/a> <a href=\"http:\/\/www.portalmantena.com.br\/novo\/wp-content\/uploads\/2017\/11\/no041117aci7.jpg\"><img loading=\"lazy\" class=\"alignnone size-full wp-image-19340\" src=\"http:\/\/www.portalmantena.com.br\/novo\/wp-content\/uploads\/2017\/11\/no041117aci7.jpg\" alt=\"\" width=\"700\" height=\"450\" srcset=\"http:\/\/www.portalmantena.com.br\/novo\/wp-content\/uploads\/2017\/11\/no041117aci7.jpg 700w, http:\/\/www.portalmantena.com.br\/novo\/wp-content\/uploads\/2017\/11\/no041117aci7-300x193.jpg 300w, http:\/\/www.portalmantena.com.br\/novo\/wp-content\/uploads\/2017\/11\/no041117aci7-696x447.jpg 696w, http:\/\/www.portalmantena.com.br\/novo\/wp-content\/uploads\/2017\/11\/no041117aci7-653x420.jpg 653w\" sizes=\"(max-width: 700px) 100vw, 700px\" \/><\/a>Foto na manh\u00e3 deste s\u00e1bado no local do acidente.<\/p>\n","protected":false},"excerpt":{"rendered":"<p>Um grave acidente foi registrado por volta das 3 horas da madrugada deste s\u00e1bado dia 04 de Novembro, em um trecho da MGC 381 pr\u00f3ximo ao parque de Exposi\u00e7\u00f5es na sa\u00edda de Mantena para Barra de S\u00e3o Francisco. Segundo informa\u00e7\u00f5es, um ve\u00edculo de cor branca, com placas de Barra de S\u00e3o Francisco seguia em alta [&hellip;]<\/p>\n","protected":false},"author":1,"featured_media":19338,"comment_status":"open","ping_status":"open","sticky":false,"template":"","format":"standard","meta":[],"categories":[36,12],"tags":[],"_links":{"self":[{"href":"http:\/\/www.portalmantena.com.br\/novo\/index.php?rest_route=\/wp\/v2\/posts\/19333"}],"collection":[{"href":"http:\/\/www.portalmantena.com.br\/novo\/index.php?rest_route=\/wp\/v2\/posts"}],"about":[{"href":"http:\/\/www.portalmantena.com.br\/novo\/index.php?rest_route=\/wp\/v2\/types\/post"}],"author":[{"embeddable":true,"href":"http:\/\/www.portalmantena.com.br\/novo\/index.php?rest_route=\/wp\/v2\/users\/1"}],"replies":[{"embeddable":true,"href":"http:\/\/www.portalmantena.com.br\/novo\/index.php?rest_route=%2Fwp%2Fv2%2Fcomments&post=19333"}],"version-history":[{"count":7,"href":"http:\/\/www.portalmantena.com.br\/novo\/index.php?rest_route=\/wp\/v2\/posts\/19333\/revisions"}],"predecessor-version":[{"id":19347,"href":"http:\/\/www.portalmantena.com.br\/novo\/index.php?rest_route=\/wp\/v2\/posts\/19333\/revisions\/19347"}],"wp:featuredmedia":[{"embeddable":true,"href":"http:\/\/www.portalmantena.com.br\/novo\/index.php?rest_route=\/wp\/v2\/media\/19338"}],"wp:attachment":[{"href":"http:\/\/www.portalmantena.com.br\/novo\/index.php?rest_route=%2Fwp%2Fv2%2Fmedia&parent=19333"}],"wp:term":[{"taxonomy":"category","embeddable":true,"href":"http:\/\/www.portalmantena.com.br\/novo\/index.php?rest_route=%2Fwp%2Fv2%2Fcategories&post=19333"},{"taxonomy":"post_tag","embeddable":true,"href":"http:\/\/www.portalmantena.com.br\/novo\/index.php?rest_route=%2Fwp%2Fv2%2Ftags&post=19333"}],"curies":[{"name":"wp","href":"https:\/\/api.w.org\/{rel}","templated":true}]}}