{"id":1925,"date":"2017-03-01T11:51:27","date_gmt":"2017-03-01T11:51:27","guid":{"rendered":"http:\/\/www.portalmantena.com.br\/novo\/?p=1925"},"modified":"2017-03-01T11:51:27","modified_gmt":"2017-03-01T11:51:27","slug":"associacao-de-moradores-busca-ampliacao-para-escola-em-sao-francisco","status":"publish","type":"post","link":"http:\/\/www.portalmantena.com.br\/novo\/?p=1925","title":{"rendered":"Associa\u00e7\u00e3o de Moradores busca amplia\u00e7\u00e3o para escola em S\u00e3o Francisco"},"content":{"rendered":"<p><a href=\"http:\/\/www.portalmantena.com.br\/novo\/wp-content\/uploads\/2017\/03\/no010317sala1.jpg\"><img loading=\"lazy\" class=\"alignnone size-full wp-image-1926\" src=\"http:\/\/www.portalmantena.com.br\/novo\/wp-content\/uploads\/2017\/03\/no010317sala1.jpg\" alt=\"\" width=\"700\" height=\"450\" srcset=\"http:\/\/www.portalmantena.com.br\/novo\/wp-content\/uploads\/2017\/03\/no010317sala1.jpg 700w, http:\/\/www.portalmantena.com.br\/novo\/wp-content\/uploads\/2017\/03\/no010317sala1-300x193.jpg 300w, http:\/\/www.portalmantena.com.br\/novo\/wp-content\/uploads\/2017\/03\/no010317sala1-696x447.jpg 696w, http:\/\/www.portalmantena.com.br\/novo\/wp-content\/uploads\/2017\/03\/no010317sala1-653x420.jpg 653w\" sizes=\"(max-width: 700px) 100vw, 700px\" \/><\/a><\/p>\n<p style=\"background: white; margin: 0cm 0cm 4.5pt 0cm;\"><span style=\"font-size: 14pt; font-family: Helvetica, sans-serif; color: #1d2129;\">A diretoria da Associa\u00e7\u00e3o de moradores do Bairro Irm\u00e3os Fernandes, em Barra de S\u00e3o Francisco, se reuniu com o secret\u00e1rio municipal de obras, Sr, Wilson de Almeida Bor\u00e9m J\u00fanior (J\u00fanior Bor\u00e9m), na sede da associa\u00e7\u00e3o, e a pauta foi a Escola MAC NAIR. <\/span><\/p>\n<p style=\"background: white; margin: 0cm 0cm 4.5pt 0cm;\"><span style=\"font-size: 14pt; font-family: Helvetica, sans-serif; color: #1d2129;\">A Associa\u00e7\u00e3o de moradores j\u00e1 tem um trabalho de muitos anos na busca de melhorias para o bairro em especial a referida escola, na administra\u00e7\u00e3o passada g<span class=\"textexposedshow\">randes foram as conquistas mas \u00e9 preciso melhorias para atender a necessidade de pais e alunos, sendo que do ano passado pra este tiveram que ser transferidos para outras escolas cerca de 80 alunos, porque ela deixou de atender a necessidade do 1\u00ba e 4\u00ba ano por falta de espa\u00e7o. <\/span><\/span><\/p>\n<p style=\"background: white; margin: 0cm 0cm 4.5pt 0cm;\"><span style=\"font-size: 14pt; font-family: Helvetica, sans-serif; color: #1d2129;\"><span class=\"textexposedshow\">A Associa\u00e7\u00e3o est\u00e1 intermediando um acordo entre o morador senhor Sebasti\u00e3o com o munic\u00edpio de Barra de S\u00e3o Francisco, para a retirada do mesmo, e ent\u00e3o a escola passar por melhorias e ganhar mais espa\u00e7o, \u00e9 preciso aumentar o n\u00famero de salas de aula e possibilitando mais vagas \u00e0s crian\u00e7as do bairro. \u00c9 a Associa\u00e7\u00e3o trabalhando para melhorias no Bairro. <\/span><\/span><\/p>\n<p style=\"background: white; margin: 0cm 0cm 4.5pt 0cm;\"><span style=\"font-size: 14pt; font-family: Helvetica, sans-serif; color: #1d2129;\"><span class=\"textexposedshow\">A presidente Maria Helena e diretoria da associa\u00e7\u00e3o, ex presidente, Mazinho do Hospital<\/span><span class=\"apple-converted-space\">\u00a0<\/span><span class=\"textexposedshow\">n\u00e3o medem esfor\u00e7os pra melhorias no bairro em especial a escola. (fonte\/foto:mazinhodohosital).<\/span><\/span><\/p>\n<p style=\"background: white; margin: 0cm 0cm 4.5pt 0cm;\">\n<p><a href=\"http:\/\/www.portalmantena.com.br\/novo\/wp-content\/uploads\/2017\/03\/no010317sala2.jpg\"><img loading=\"lazy\" class=\"alignnone size-full wp-image-1927\" src=\"http:\/\/www.portalmantena.com.br\/novo\/wp-content\/uploads\/2017\/03\/no010317sala2.jpg\" alt=\"\" width=\"700\" height=\"450\" srcset=\"http:\/\/www.portalmantena.com.br\/novo\/wp-content\/uploads\/2017\/03\/no010317sala2.jpg 700w, http:\/\/www.portalmantena.com.br\/novo\/wp-content\/uploads\/2017\/03\/no010317sala2-300x193.jpg 300w, http:\/\/www.portalmantena.com.br\/novo\/wp-content\/uploads\/2017\/03\/no010317sala2-696x447.jpg 696w, http:\/\/www.portalmantena.com.br\/novo\/wp-content\/uploads\/2017\/03\/no010317sala2-653x420.jpg 653w\" sizes=\"(max-width: 700px) 100vw, 700px\" \/><\/a><\/p>\n","protected":false},"excerpt":{"rendered":"<p>A diretoria da Associa\u00e7\u00e3o de moradores do Bairro Irm\u00e3os Fernandes, em Barra de S\u00e3o Francisco, se reuniu com o secret\u00e1rio municipal de obras, Sr, Wilson de Almeida Bor\u00e9m J\u00fanior (J\u00fanior Bor\u00e9m), na sede da associa\u00e7\u00e3o, e a pauta foi a Escola MAC NAIR. A Associa\u00e7\u00e3o de moradores j\u00e1 tem um trabalho de muitos anos na [&hellip;]<\/p>\n","protected":false},"author":1,"featured_media":1926,"comment_status":"open","ping_status":"open","sticky":false,"template":"","format":"standard","meta":[],"categories":[11],"tags":[],"_links":{"self":[{"href":"http:\/\/www.portalmantena.com.br\/novo\/index.php?rest_route=\/wp\/v2\/posts\/1925"}],"collection":[{"href":"http:\/\/www.portalmantena.com.br\/novo\/index.php?rest_route=\/wp\/v2\/posts"}],"about":[{"href":"http:\/\/www.portalmantena.com.br\/novo\/index.php?rest_route=\/wp\/v2\/types\/post"}],"author":[{"embeddable":true,"href":"http:\/\/www.portalmantena.com.br\/novo\/index.php?rest_route=\/wp\/v2\/users\/1"}],"replies":[{"embeddable":true,"href":"http:\/\/www.portalmantena.com.br\/novo\/index.php?rest_route=%2Fwp%2Fv2%2Fcomments&post=1925"}],"version-history":[{"count":2,"href":"http:\/\/www.portalmantena.com.br\/novo\/index.php?rest_route=\/wp\/v2\/posts\/1925\/revisions"}],"predecessor-version":[{"id":1938,"href":"http:\/\/www.portalmantena.com.br\/novo\/index.php?rest_route=\/wp\/v2\/posts\/1925\/revisions\/1938"}],"wp:featuredmedia":[{"embeddable":true,"href":"http:\/\/www.portalmantena.com.br\/novo\/index.php?rest_route=\/wp\/v2\/media\/1926"}],"wp:attachment":[{"href":"http:\/\/www.portalmantena.com.br\/novo\/index.php?rest_route=%2Fwp%2Fv2%2Fmedia&parent=1925"}],"wp:term":[{"taxonomy":"category","embeddable":true,"href":"http:\/\/www.portalmantena.com.br\/novo\/index.php?rest_route=%2Fwp%2Fv2%2Fcategories&post=1925"},{"taxonomy":"post_tag","embeddable":true,"href":"http:\/\/www.portalmantena.com.br\/novo\/index.php?rest_route=%2Fwp%2Fv2%2Ftags&post=1925"}],"curies":[{"name":"wp","href":"https:\/\/api.w.org\/{rel}","templated":true}]}}