{"id":1918,"date":"2017-03-01T11:47:01","date_gmt":"2017-03-01T11:47:01","guid":{"rendered":"http:\/\/www.portalmantena.com.br\/novo\/?p=1918"},"modified":"2017-03-01T11:47:01","modified_gmt":"2017-03-01T11:47:01","slug":"cuidado-trecho-de-rodovia-entre-colatina-e-joao-neiva-em-meia-pista","status":"publish","type":"post","link":"http:\/\/www.portalmantena.com.br\/novo\/?p=1918","title":{"rendered":"Cuidado, trecho de rodovia entre Colatina e Jo\u00e3o Neiva em meia pista"},"content":{"rendered":"<p><a href=\"http:\/\/www.portalmantena.com.br\/novo\/wp-content\/uploads\/2017\/03\/no010317estrada1.jpg\"><img loading=\"lazy\" class=\"alignnone size-full wp-image-1919\" src=\"http:\/\/www.portalmantena.com.br\/novo\/wp-content\/uploads\/2017\/03\/no010317estrada1.jpg\" alt=\"\" width=\"700\" height=\"450\" srcset=\"http:\/\/www.portalmantena.com.br\/novo\/wp-content\/uploads\/2017\/03\/no010317estrada1.jpg 700w, http:\/\/www.portalmantena.com.br\/novo\/wp-content\/uploads\/2017\/03\/no010317estrada1-300x193.jpg 300w, http:\/\/www.portalmantena.com.br\/novo\/wp-content\/uploads\/2017\/03\/no010317estrada1-696x447.jpg 696w, http:\/\/www.portalmantena.com.br\/novo\/wp-content\/uploads\/2017\/03\/no010317estrada1-653x420.jpg 653w\" sizes=\"(max-width: 700px) 100vw, 700px\" \/><\/a><\/p>\n<p><span style=\"font-size: 14pt;\">Motoristas que frequentemente utilizam a rodovia BR 259 entre os munic\u00edpios de Colatina e Jo\u00e3o Neiva no norte do estado do Esp\u00edrito Santo, reclamam das condi\u00e7\u00f5es de um trecho da pista, que cedeu (formando rachaduras) e ainda n\u00e3o foi reparado pelo Dnit. <\/span><\/p>\n<p><span style=\"font-size: 14pt;\">Os danos na pista aconteceram no in\u00edcio do m\u00eas de fevereiro quando parte do asfalto ficou com ondula\u00e7\u00f5es expostas. Uma sinaliza\u00e7\u00e3o prec\u00e1ria com placas foi feito, no entanto o fluxo de ve\u00edculos \u00e9 intenso nesta rodovia, e neste trecho a passagem dos ve\u00edculos \u00e9 feita apenas em meia pista, colocando em risco as pessoas que passam pelo local, principalmente \u00e0 noite. <\/span><\/p>\n<p><span style=\"font-size: 14pt;\">Segundo informa\u00e7\u00f5es, o Departamento Nacional de Infraestrutura de Transportes (Dnit) informou que est\u00e1 contratando a empresa que ser\u00e1 respons\u00e1vel pelos reparos, mas n\u00e3o deu um prazo para o in\u00edcio da obra. (fonte:tvgazeta\/imagens:wandofagundes)<\/span><\/p>\n<p><a href=\"http:\/\/www.portalmantena.com.br\/novo\/wp-content\/uploads\/2017\/03\/no010317estrada2.jpg\"><img loading=\"lazy\" class=\"alignnone size-full wp-image-1920\" src=\"http:\/\/www.portalmantena.com.br\/novo\/wp-content\/uploads\/2017\/03\/no010317estrada2.jpg\" alt=\"\" width=\"700\" height=\"450\" srcset=\"http:\/\/www.portalmantena.com.br\/novo\/wp-content\/uploads\/2017\/03\/no010317estrada2.jpg 700w, http:\/\/www.portalmantena.com.br\/novo\/wp-content\/uploads\/2017\/03\/no010317estrada2-300x193.jpg 300w, http:\/\/www.portalmantena.com.br\/novo\/wp-content\/uploads\/2017\/03\/no010317estrada2-696x447.jpg 696w, http:\/\/www.portalmantena.com.br\/novo\/wp-content\/uploads\/2017\/03\/no010317estrada2-653x420.jpg 653w\" sizes=\"(max-width: 700px) 100vw, 700px\" \/><\/a><\/p>\n","protected":false},"excerpt":{"rendered":"<p>Motoristas que frequentemente utilizam a rodovia BR 259 entre os munic\u00edpios de Colatina e Jo\u00e3o Neiva no norte do estado do Esp\u00edrito Santo, reclamam das condi\u00e7\u00f5es de um trecho da pista, que cedeu (formando rachaduras) e ainda n\u00e3o foi reparado pelo Dnit. Os danos na pista aconteceram no in\u00edcio do m\u00eas de fevereiro quando parte [&hellip;]<\/p>\n","protected":false},"author":1,"featured_media":1919,"comment_status":"open","ping_status":"open","sticky":false,"template":"","format":"standard","meta":[],"categories":[11],"tags":[],"_links":{"self":[{"href":"http:\/\/www.portalmantena.com.br\/novo\/index.php?rest_route=\/wp\/v2\/posts\/1918"}],"collection":[{"href":"http:\/\/www.portalmantena.com.br\/novo\/index.php?rest_route=\/wp\/v2\/posts"}],"about":[{"href":"http:\/\/www.portalmantena.com.br\/novo\/index.php?rest_route=\/wp\/v2\/types\/post"}],"author":[{"embeddable":true,"href":"http:\/\/www.portalmantena.com.br\/novo\/index.php?rest_route=\/wp\/v2\/users\/1"}],"replies":[{"embeddable":true,"href":"http:\/\/www.portalmantena.com.br\/novo\/index.php?rest_route=%2Fwp%2Fv2%2Fcomments&post=1918"}],"version-history":[{"count":1,"href":"http:\/\/www.portalmantena.com.br\/novo\/index.php?rest_route=\/wp\/v2\/posts\/1918\/revisions"}],"predecessor-version":[{"id":1921,"href":"http:\/\/www.portalmantena.com.br\/novo\/index.php?rest_route=\/wp\/v2\/posts\/1918\/revisions\/1921"}],"wp:featuredmedia":[{"embeddable":true,"href":"http:\/\/www.portalmantena.com.br\/novo\/index.php?rest_route=\/wp\/v2\/media\/1919"}],"wp:attachment":[{"href":"http:\/\/www.portalmantena.com.br\/novo\/index.php?rest_route=%2Fwp%2Fv2%2Fmedia&parent=1918"}],"wp:term":[{"taxonomy":"category","embeddable":true,"href":"http:\/\/www.portalmantena.com.br\/novo\/index.php?rest_route=%2Fwp%2Fv2%2Fcategories&post=1918"},{"taxonomy":"post_tag","embeddable":true,"href":"http:\/\/www.portalmantena.com.br\/novo\/index.php?rest_route=%2Fwp%2Fv2%2Ftags&post=1918"}],"curies":[{"name":"wp","href":"https:\/\/api.w.org\/{rel}","templated":true}]}}