{"id":1914,"date":"2017-03-01T11:44:02","date_gmt":"2017-03-01T11:44:02","guid":{"rendered":"http:\/\/www.portalmantena.com.br\/novo\/?p=1914"},"modified":"2017-03-01T11:44:02","modified_gmt":"2017-03-01T11:44:02","slug":"mantenense-e-destaque-com-trabalho-sobre-nascentes-em-mantena","status":"publish","type":"post","link":"http:\/\/www.portalmantena.com.br\/novo\/?p=1914","title":{"rendered":"Mantenense \u00e9 destaque com trabalho sobre Nascentes em Mantena"},"content":{"rendered":"<p><a href=\"http:\/\/www.portalmantena.com.br\/novo\/wp-content\/uploads\/2017\/03\/no010317nascente1.jpg\"><img loading=\"lazy\" class=\"alignnone size-full wp-image-1915\" src=\"http:\/\/www.portalmantena.com.br\/novo\/wp-content\/uploads\/2017\/03\/no010317nascente1.jpg\" alt=\"\" width=\"700\" height=\"450\" srcset=\"http:\/\/www.portalmantena.com.br\/novo\/wp-content\/uploads\/2017\/03\/no010317nascente1.jpg 700w, http:\/\/www.portalmantena.com.br\/novo\/wp-content\/uploads\/2017\/03\/no010317nascente1-300x193.jpg 300w, http:\/\/www.portalmantena.com.br\/novo\/wp-content\/uploads\/2017\/03\/no010317nascente1-696x447.jpg 696w, http:\/\/www.portalmantena.com.br\/novo\/wp-content\/uploads\/2017\/03\/no010317nascente1-653x420.jpg 653w\" sizes=\"(max-width: 700px) 100vw, 700px\" \/><\/a><\/p>\n<p><span style=\"font-size: 14pt;\">A p\u00f3s gradua\u00e7\u00e3o em Gest\u00e3o Ambiental foi desenvolvida com o objetivo de capacitar profissionais por meio da implanta\u00e7\u00e3o de programas de planejamento e gest\u00e3o ambiental em empresas p\u00fablicas e privadas a fim de coordenar atividades humanas que causem o menor impacto poss\u00edvel sobre o meio ambiente. <\/span><\/p>\n<p><span style=\"font-size: 14pt;\">Sendo assim, a mantenense Thamires Alvim Silva, volunt\u00e1ria no Projeto Nascentes, desenvolvido pelo SAAE em Mantena, apresentou seu trabalho de conclus\u00e3o de curso, neste m\u00eas de fevereiro, Intitulado &#8220;Levantamento de nascentes como estrat\u00e9gia de Recupera\u00e7\u00e3o de \u00e1reas de Preserva\u00e7\u00e3o permanente em Mantena\/MG&#8221;. <\/span><\/p>\n<p><span style=\"font-size: 14pt;\">O trabalho foi muito apreciado pelos professores, recebeu muitos elogios, mostrando a import\u00e2ncia de se preservar as nascentes sendo fundamental a oportunidade do projeto para a gest\u00e3o sustent\u00e1vel dos recursos h\u00eddricos das regi\u00f5es dos c\u00f3rregos do Turvo e Turvinho em Mantena. <\/span><\/p>\n<p><span style=\"font-size: 14pt;\">Regi\u00e3o esta que \u00e9 de vital import\u00e2ncia para a comunidade mantenense uma vez que elas forma a bacia de capita\u00e7\u00e3o de \u00e1gua que abastece toda a cidade de Mantena. <\/span><\/p>\n","protected":false},"excerpt":{"rendered":"<p>A p\u00f3s gradua\u00e7\u00e3o em Gest\u00e3o Ambiental foi desenvolvida com o objetivo de capacitar profissionais por meio da implanta\u00e7\u00e3o de programas de planejamento e gest\u00e3o ambiental em empresas p\u00fablicas e privadas a fim de coordenar atividades humanas que causem o menor impacto poss\u00edvel sobre o meio ambiente. Sendo assim, a mantenense Thamires Alvim Silva, volunt\u00e1ria no [&hellip;]<\/p>\n","protected":false},"author":1,"featured_media":1915,"comment_status":"open","ping_status":"open","sticky":false,"template":"","format":"standard","meta":[],"categories":[12,11],"tags":[],"_links":{"self":[{"href":"http:\/\/www.portalmantena.com.br\/novo\/index.php?rest_route=\/wp\/v2\/posts\/1914"}],"collection":[{"href":"http:\/\/www.portalmantena.com.br\/novo\/index.php?rest_route=\/wp\/v2\/posts"}],"about":[{"href":"http:\/\/www.portalmantena.com.br\/novo\/index.php?rest_route=\/wp\/v2\/types\/post"}],"author":[{"embeddable":true,"href":"http:\/\/www.portalmantena.com.br\/novo\/index.php?rest_route=\/wp\/v2\/users\/1"}],"replies":[{"embeddable":true,"href":"http:\/\/www.portalmantena.com.br\/novo\/index.php?rest_route=%2Fwp%2Fv2%2Fcomments&post=1914"}],"version-history":[{"count":2,"href":"http:\/\/www.portalmantena.com.br\/novo\/index.php?rest_route=\/wp\/v2\/posts\/1914\/revisions"}],"predecessor-version":[{"id":1917,"href":"http:\/\/www.portalmantena.com.br\/novo\/index.php?rest_route=\/wp\/v2\/posts\/1914\/revisions\/1917"}],"wp:featuredmedia":[{"embeddable":true,"href":"http:\/\/www.portalmantena.com.br\/novo\/index.php?rest_route=\/wp\/v2\/media\/1915"}],"wp:attachment":[{"href":"http:\/\/www.portalmantena.com.br\/novo\/index.php?rest_route=%2Fwp%2Fv2%2Fmedia&parent=1914"}],"wp:term":[{"taxonomy":"category","embeddable":true,"href":"http:\/\/www.portalmantena.com.br\/novo\/index.php?rest_route=%2Fwp%2Fv2%2Fcategories&post=1914"},{"taxonomy":"post_tag","embeddable":true,"href":"http:\/\/www.portalmantena.com.br\/novo\/index.php?rest_route=%2Fwp%2Fv2%2Ftags&post=1914"}],"curies":[{"name":"wp","href":"https:\/\/api.w.org\/{rel}","templated":true}]}}