{"id":1906,"date":"2017-03-01T11:25:17","date_gmt":"2017-03-01T11:25:17","guid":{"rendered":"http:\/\/www.portalmantena.com.br\/novo\/?p=1906"},"modified":"2017-03-01T11:49:46","modified_gmt":"2017-03-01T11:49:46","slug":"morreu-nos-estados-unidos-o-mantenense-amaro-jose-de-oliveira","status":"publish","type":"post","link":"http:\/\/www.portalmantena.com.br\/novo\/?p=1906","title":{"rendered":"Morreu nos Estados Unidos o mantenense Amaro Jos\u00e9 de Oliveira"},"content":{"rendered":"<p><span style=\"font-size: 14pt;\"><a href=\"http:\/\/www.portalmantena.com.br\/novo\/wp-content\/uploads\/2017\/02\/saudadeamarao.jpg\"><img loading=\"lazy\" class=\"alignnone size-full wp-image-1922\" src=\"http:\/\/www.portalmantena.com.br\/novo\/wp-content\/uploads\/2017\/02\/saudadeamarao.jpg\" alt=\"\" width=\"650\" height=\"170\" srcset=\"http:\/\/www.portalmantena.com.br\/novo\/wp-content\/uploads\/2017\/02\/saudadeamarao.jpg 650w, http:\/\/www.portalmantena.com.br\/novo\/wp-content\/uploads\/2017\/02\/saudadeamarao-300x78.jpg 300w\" sizes=\"(max-width: 650px) 100vw, 650px\" \/><\/a><\/span><\/p>\n<p><span style=\"font-size: 14pt;\">Morreu nesta segunda-feira dia 27 de Fevereiro, aos 62 anos nos Estados Unidos v\u00edtima provavelmente de um infarto, o mantenense ausente Amaro Jos\u00e9 de Oliveira. <\/span><\/p>\n<p><span style=\"font-size: 14pt;\">Segundo informa\u00e7\u00f5es, ele foi encontrado j\u00e1 sem vida dentro de seu apartamento por amigos que perceberam sua aus\u00eancia no trabalho e resolveram saber o que estava acontecendo. Ao abriram a porta de sua casa, encontraram ele ca\u00eddo e morto. <\/span><\/p>\n<p><span style=\"font-size: 14pt;\">Familiares ainda n\u00e3o confirmaram onde ser\u00e1 seu sepultamento mas provavelmente acontecer\u00e1 no Brasil, onde parte da fam\u00edlia reside em Vit\u00f3ria\/ES. H\u00e1 muitos anos Amaro deixou Mantena com destino \u00e0 Am\u00e9rica, ele por muito tempo trabalhou na rua S\u00e3o Francisco onde era propriet\u00e1rio de uma loja de manuten\u00e7\u00e3o eletr\u00f4nica em TVs.<\/span><\/p>\n","protected":false},"excerpt":{"rendered":"<p>Morreu nesta segunda-feira dia 27 de Fevereiro, aos 62 anos nos Estados Unidos v\u00edtima provavelmente de um infarto, o mantenense ausente Amaro Jos\u00e9 de Oliveira. Segundo informa\u00e7\u00f5es, ele foi encontrado j\u00e1 sem vida dentro de seu apartamento por amigos que perceberam sua aus\u00eancia no trabalho e resolveram saber o que estava acontecendo. Ao abriram a [&hellip;]<\/p>\n","protected":false},"author":1,"featured_media":0,"comment_status":"open","ping_status":"open","sticky":false,"template":"","format":"standard","meta":[],"categories":[24],"tags":[],"_links":{"self":[{"href":"http:\/\/www.portalmantena.com.br\/novo\/index.php?rest_route=\/wp\/v2\/posts\/1906"}],"collection":[{"href":"http:\/\/www.portalmantena.com.br\/novo\/index.php?rest_route=\/wp\/v2\/posts"}],"about":[{"href":"http:\/\/www.portalmantena.com.br\/novo\/index.php?rest_route=\/wp\/v2\/types\/post"}],"author":[{"embeddable":true,"href":"http:\/\/www.portalmantena.com.br\/novo\/index.php?rest_route=\/wp\/v2\/users\/1"}],"replies":[{"embeddable":true,"href":"http:\/\/www.portalmantena.com.br\/novo\/index.php?rest_route=%2Fwp%2Fv2%2Fcomments&post=1906"}],"version-history":[{"count":2,"href":"http:\/\/www.portalmantena.com.br\/novo\/index.php?rest_route=\/wp\/v2\/posts\/1906\/revisions"}],"predecessor-version":[{"id":1924,"href":"http:\/\/www.portalmantena.com.br\/novo\/index.php?rest_route=\/wp\/v2\/posts\/1906\/revisions\/1924"}],"wp:attachment":[{"href":"http:\/\/www.portalmantena.com.br\/novo\/index.php?rest_route=%2Fwp%2Fv2%2Fmedia&parent=1906"}],"wp:term":[{"taxonomy":"category","embeddable":true,"href":"http:\/\/www.portalmantena.com.br\/novo\/index.php?rest_route=%2Fwp%2Fv2%2Fcategories&post=1906"},{"taxonomy":"post_tag","embeddable":true,"href":"http:\/\/www.portalmantena.com.br\/novo\/index.php?rest_route=%2Fwp%2Fv2%2Ftags&post=1906"}],"curies":[{"name":"wp","href":"https:\/\/api.w.org\/{rel}","templated":true}]}}