{"id":188,"date":"2017-02-01T19:55:36","date_gmt":"2017-02-01T19:55:36","guid":{"rendered":"http:\/\/www.portalmantena.com.br\/novo\/?p=188"},"modified":"2017-02-01T19:55:36","modified_gmt":"2017-02-01T19:55:36","slug":"clima-permanece-tenso-apos-sessao-na-alerj-nesta-quarta","status":"publish","type":"post","link":"http:\/\/www.portalmantena.com.br\/novo\/?p=188","title":{"rendered":"Clima permanece tenso ap\u00f3s sess\u00e3o na Alerj nesta quarta"},"content":{"rendered":"<p><a href=\"http:\/\/www.portalmantena.com.br\/novo\/wp-content\/uploads\/2017\/02\/naom_5892381e0ad0e.jpg\"><img loading=\"lazy\" class=\"alignnone size-full wp-image-189\" src=\"http:\/\/www.portalmantena.com.br\/novo\/wp-content\/uploads\/2017\/02\/naom_5892381e0ad0e.jpg\" alt=\"\" width=\"1370\" height=\"587\" srcset=\"http:\/\/www.portalmantena.com.br\/novo\/wp-content\/uploads\/2017\/02\/naom_5892381e0ad0e.jpg 1370w, http:\/\/www.portalmantena.com.br\/novo\/wp-content\/uploads\/2017\/02\/naom_5892381e0ad0e-300x129.jpg 300w, http:\/\/www.portalmantena.com.br\/novo\/wp-content\/uploads\/2017\/02\/naom_5892381e0ad0e-768x329.jpg 768w, http:\/\/www.portalmantena.com.br\/novo\/wp-content\/uploads\/2017\/02\/naom_5892381e0ad0e-1024x439.jpg 1024w, http:\/\/www.portalmantena.com.br\/novo\/wp-content\/uploads\/2017\/02\/naom_5892381e0ad0e-696x298.jpg 696w, http:\/\/www.portalmantena.com.br\/novo\/wp-content\/uploads\/2017\/02\/naom_5892381e0ad0e-1068x458.jpg 1068w, http:\/\/www.portalmantena.com.br\/novo\/wp-content\/uploads\/2017\/02\/naom_5892381e0ad0e-980x420.jpg 980w\" sizes=\"(max-width: 1370px) 100vw, 1370px\" \/><\/a><\/p>\n<p>O clima segue tenso em frente ao pr\u00e9dio da\u00a0Assembleia Legislativa do Estado do Rio de Janeiro (Alerj) ,ap\u00f3s o t\u00e9rmino dos trabalhos no retorno dos deputados na casa, nesta quarta-feira (1). Um agente do Core foi preso, suspeito de atirar contra PMs\u00a0que faziam um cerco no local, e um servidor, de 67 anos, foi ferido durante os tumultos.<\/p>\n<div id=\"deferNews\">\n<div class=\"pubSpotNews fLeft\">\n<div class=\"pubSpotWrapper\">\n<div class=\"unfix_mrec\"><\/div>\n<div class=\"mrec\"><\/div>\n<\/div>\n<\/div>\n<\/div>\n<p>Segundo informa\u00e7\u00f5es do G1, um cord\u00e3o humano foi feito com tr\u00eas fileiras de policiais militares com o objetivo de proteger o pr\u00e9dio da Alerj\u00a0nesta quarta-feira (1).<\/p>\n<p>Por volta das 14h, manifestantes entraram em confronto com os PMs.<\/p>\n<p>O tumulto come\u00e7ou ap\u00f3s servidores tentarem derrubar a grade de prote\u00e7\u00e3o que cercava o Pal\u00e1cio Tiradentes. Policiais jogaram bombas de efeito moral para conter a a\u00e7\u00e3o. Como resposta, manifestantes come\u00e7aram a atirar pedras em dire\u00e7\u00e3o aos PMs.<\/p>\n<p>Ainda de acordo com a reportagem, um\u00a0agente da Coordenadoria de Recursos Especiais (Core) foi encaminhado \u00e0 Corregedoria de Pol\u00edcia Civil ap\u00f3s ser suspeito de atirar contra os PMs do choque que faziam o cerco na Alerj. Ele foi preso ap\u00f3s tentar fugir de metr\u00f4 at\u00e9 a esta\u00e7\u00e3o &#8216;Jardim Oce\u00e2nico&#8217;, na Barra da Tijuca, Zona Oeste do Rio.<\/p>\n<p>Pelo menos um servidor, de 67 anos, foi ferido durante os confrontos, ap\u00f3s levar um tiro de bala de borracha na coxa.<\/p>\n<p>Na Rua da Assembleia, um \u00f4nibus foi queimado e uma ag\u00eancia do Banco Santander foi quebrada durante a manifesta\u00e7\u00e3o.<\/p>\n","protected":false},"excerpt":{"rendered":"<p>O clima segue tenso em frente ao pr\u00e9dio da\u00a0Assembleia Legislativa do Estado do Rio de Janeiro (Alerj) ,ap\u00f3s o t\u00e9rmino dos trabalhos no retorno dos deputados na casa, nesta quarta-feira (1). Um agente do Core foi preso, suspeito de atirar contra PMs\u00a0que faziam um cerco no local, e um servidor, de 67 anos, foi ferido [&hellip;]<\/p>\n","protected":false},"author":1,"featured_media":189,"comment_status":"open","ping_status":"open","sticky":false,"template":"","format":"standard","meta":[],"categories":[11],"tags":[],"_links":{"self":[{"href":"http:\/\/www.portalmantena.com.br\/novo\/index.php?rest_route=\/wp\/v2\/posts\/188"}],"collection":[{"href":"http:\/\/www.portalmantena.com.br\/novo\/index.php?rest_route=\/wp\/v2\/posts"}],"about":[{"href":"http:\/\/www.portalmantena.com.br\/novo\/index.php?rest_route=\/wp\/v2\/types\/post"}],"author":[{"embeddable":true,"href":"http:\/\/www.portalmantena.com.br\/novo\/index.php?rest_route=\/wp\/v2\/users\/1"}],"replies":[{"embeddable":true,"href":"http:\/\/www.portalmantena.com.br\/novo\/index.php?rest_route=%2Fwp%2Fv2%2Fcomments&post=188"}],"version-history":[{"count":1,"href":"http:\/\/www.portalmantena.com.br\/novo\/index.php?rest_route=\/wp\/v2\/posts\/188\/revisions"}],"predecessor-version":[{"id":190,"href":"http:\/\/www.portalmantena.com.br\/novo\/index.php?rest_route=\/wp\/v2\/posts\/188\/revisions\/190"}],"wp:featuredmedia":[{"embeddable":true,"href":"http:\/\/www.portalmantena.com.br\/novo\/index.php?rest_route=\/wp\/v2\/media\/189"}],"wp:attachment":[{"href":"http:\/\/www.portalmantena.com.br\/novo\/index.php?rest_route=%2Fwp%2Fv2%2Fmedia&parent=188"}],"wp:term":[{"taxonomy":"category","embeddable":true,"href":"http:\/\/www.portalmantena.com.br\/novo\/index.php?rest_route=%2Fwp%2Fv2%2Fcategories&post=188"},{"taxonomy":"post_tag","embeddable":true,"href":"http:\/\/www.portalmantena.com.br\/novo\/index.php?rest_route=%2Fwp%2Fv2%2Ftags&post=188"}],"curies":[{"name":"wp","href":"https:\/\/api.w.org\/{rel}","templated":true}]}}