{"id":18376,"date":"2017-10-19T20:39:04","date_gmt":"2017-10-19T22:39:04","guid":{"rendered":"http:\/\/www.portalmantena.com.br\/novo\/?p=18376"},"modified":"2017-10-19T14:47:16","modified_gmt":"2017-10-19T16:47:16","slug":"mudancas-na-zona-eleitoral-mantena-perde-mendes-e-sao-felix","status":"publish","type":"post","link":"http:\/\/www.portalmantena.com.br\/novo\/?p=18376","title":{"rendered":"Mudan\u00e7as na zona eleitoral, Mantena perde Mendes e S\u00e3o F\u00e9lix"},"content":{"rendered":"<p><a href=\"http:\/\/www.portalmantena.com.br\/novo\/wp-content\/uploads\/2017\/10\/no191017eleitoral.jpg\"><img loading=\"lazy\" class=\"alignnone size-full wp-image-18377\" src=\"http:\/\/www.portalmantena.com.br\/novo\/wp-content\/uploads\/2017\/10\/no191017eleitoral.jpg\" alt=\"\" width=\"700\" height=\"450\" srcset=\"http:\/\/www.portalmantena.com.br\/novo\/wp-content\/uploads\/2017\/10\/no191017eleitoral.jpg 700w, http:\/\/www.portalmantena.com.br\/novo\/wp-content\/uploads\/2017\/10\/no191017eleitoral-300x193.jpg 300w, http:\/\/www.portalmantena.com.br\/novo\/wp-content\/uploads\/2017\/10\/no191017eleitoral-696x447.jpg 696w, http:\/\/www.portalmantena.com.br\/novo\/wp-content\/uploads\/2017\/10\/no191017eleitoral-653x420.jpg 653w\" sizes=\"(max-width: 700px) 100vw, 700px\" \/><\/a><\/p>\n<p><span style=\"font-size: 14pt;\">Est\u00e1 acontecendo em Minas Gerais, dos dias 19 a 25 de Outubro, rezoneamento eleitoral, processo que foi determinado pelo TSE com o objetivo de extinguir e remanejar zonas eleitorais que n\u00e3o atendam aos crit\u00e9rios estabelecidos nas normas editadas por aquele Tribunal sobre a mat\u00e9ria.\u00a0<\/span><\/p>\n<p><span style=\"font-size: 14pt;\">Em Minas Gerais, o Rezoneamento\u00a0 foi regulamentado pela Corte Eleitoral, por meio da\u00a0<a href=\"http:\/\/www.justicaeleitoral.jus.br\/arquivos\/tre-mg-resolucao-tre-mg-n-1039-de-17-de-agosto-de-2017\">Resolu\u00e7\u00e3o TRE-MG n\u00ba \u00a01.039<\/a>. <\/span><\/p>\n<p><span style=\"font-size: 14pt;\">Ao todo, 45 zonas eleitorais ser\u00e3o transformadas em postos de atendimento, mas v\u00e1rias outras zonas est\u00e3o sendo impactadas por agregarem novos munic\u00edpios na sua jurisdi\u00e7\u00e3o. <\/span><\/p>\n<p><span style=\"font-size: 14pt;\">Segundo informa\u00e7\u00f5es, com este novo zoneamento, a 169\u00aa zona eleitoral de Mantena, perder\u00e1 os eleitores dos munic\u00edpios de Mendes Pimentel e S\u00e3o F\u00e9lix de Minas, que passam a fazer parte da zona eleitoral de Galil\u00e9ia. No entanto, Mantena receber\u00e1 um novo munic\u00edpio, os eleitores de S\u00e3o Jos\u00e9 do Divino passar\u00e3o a integrar a zona eleitoral mantenense.<\/span><\/p>\n","protected":false},"excerpt":{"rendered":"<p>Est\u00e1 acontecendo em Minas Gerais, dos dias 19 a 25 de Outubro, rezoneamento eleitoral, processo que foi determinado pelo TSE com o objetivo de extinguir e remanejar zonas eleitorais que n\u00e3o atendam aos crit\u00e9rios estabelecidos nas normas editadas por aquele Tribunal sobre a mat\u00e9ria.\u00a0 Em Minas Gerais, o Rezoneamento\u00a0 foi regulamentado pela Corte Eleitoral, por [&hellip;]<\/p>\n","protected":false},"author":1,"featured_media":18377,"comment_status":"open","ping_status":"open","sticky":false,"template":"","format":"standard","meta":[],"categories":[36,11],"tags":[],"_links":{"self":[{"href":"http:\/\/www.portalmantena.com.br\/novo\/index.php?rest_route=\/wp\/v2\/posts\/18376"}],"collection":[{"href":"http:\/\/www.portalmantena.com.br\/novo\/index.php?rest_route=\/wp\/v2\/posts"}],"about":[{"href":"http:\/\/www.portalmantena.com.br\/novo\/index.php?rest_route=\/wp\/v2\/types\/post"}],"author":[{"embeddable":true,"href":"http:\/\/www.portalmantena.com.br\/novo\/index.php?rest_route=\/wp\/v2\/users\/1"}],"replies":[{"embeddable":true,"href":"http:\/\/www.portalmantena.com.br\/novo\/index.php?rest_route=%2Fwp%2Fv2%2Fcomments&post=18376"}],"version-history":[{"count":1,"href":"http:\/\/www.portalmantena.com.br\/novo\/index.php?rest_route=\/wp\/v2\/posts\/18376\/revisions"}],"predecessor-version":[{"id":18378,"href":"http:\/\/www.portalmantena.com.br\/novo\/index.php?rest_route=\/wp\/v2\/posts\/18376\/revisions\/18378"}],"wp:featuredmedia":[{"embeddable":true,"href":"http:\/\/www.portalmantena.com.br\/novo\/index.php?rest_route=\/wp\/v2\/media\/18377"}],"wp:attachment":[{"href":"http:\/\/www.portalmantena.com.br\/novo\/index.php?rest_route=%2Fwp%2Fv2%2Fmedia&parent=18376"}],"wp:term":[{"taxonomy":"category","embeddable":true,"href":"http:\/\/www.portalmantena.com.br\/novo\/index.php?rest_route=%2Fwp%2Fv2%2Fcategories&post=18376"},{"taxonomy":"post_tag","embeddable":true,"href":"http:\/\/www.portalmantena.com.br\/novo\/index.php?rest_route=%2Fwp%2Fv2%2Ftags&post=18376"}],"curies":[{"name":"wp","href":"https:\/\/api.w.org\/{rel}","templated":true}]}}