{"id":18342,"date":"2017-10-20T04:01:25","date_gmt":"2017-10-20T06:01:25","guid":{"rendered":"http:\/\/www.portalmantena.com.br\/novo\/?p=18342"},"modified":"2017-10-19T11:03:44","modified_gmt":"2017-10-19T13:03:44","slug":"atendendo-a-comunidade-deermg-faz-reparos-na-serra-branca","status":"publish","type":"post","link":"http:\/\/www.portalmantena.com.br\/novo\/?p=18342","title":{"rendered":"Atendendo a comunidade DEER\/MG faz reparos na Serra Branca"},"content":{"rendered":"<p><a href=\"http:\/\/www.portalmantena.com.br\/novo\/wp-content\/uploads\/2017\/09\/logono2.jpg\"><img loading=\"lazy\" class=\"alignnone size-full wp-image-16882\" src=\"http:\/\/www.portalmantena.com.br\/novo\/wp-content\/uploads\/2017\/09\/logono2.jpg\" alt=\"\" width=\"700\" height=\"40\" srcset=\"http:\/\/www.portalmantena.com.br\/novo\/wp-content\/uploads\/2017\/09\/logono2.jpg 700w, http:\/\/www.portalmantena.com.br\/novo\/wp-content\/uploads\/2017\/09\/logono2-300x17.jpg 300w, http:\/\/www.portalmantena.com.br\/novo\/wp-content\/uploads\/2017\/09\/logono2-696x40.jpg 696w\" sizes=\"(max-width: 700px) 100vw, 700px\" \/><\/a><a href=\"http:\/\/www.portalmantena.com.br\/novo\/wp-content\/uploads\/2017\/10\/no191017estrada1.jpg\"><img loading=\"lazy\" class=\"alignnone size-full wp-image-18343\" src=\"http:\/\/www.portalmantena.com.br\/novo\/wp-content\/uploads\/2017\/10\/no191017estrada1.jpg\" alt=\"\" width=\"700\" height=\"450\" srcset=\"http:\/\/www.portalmantena.com.br\/novo\/wp-content\/uploads\/2017\/10\/no191017estrada1.jpg 700w, http:\/\/www.portalmantena.com.br\/novo\/wp-content\/uploads\/2017\/10\/no191017estrada1-300x193.jpg 300w, http:\/\/www.portalmantena.com.br\/novo\/wp-content\/uploads\/2017\/10\/no191017estrada1-696x447.jpg 696w, http:\/\/www.portalmantena.com.br\/novo\/wp-content\/uploads\/2017\/10\/no191017estrada1-653x420.jpg 653w\" sizes=\"(max-width: 700px) 100vw, 700px\" \/><\/a><\/p>\n<p><span style=\"font-size: 14pt;\">Uma equipe do DEER\/MG est\u00e1 h\u00e1 alguns dias realizando o trabalho de patrolamento e melhorias no trecho de estrada de terra, que liga Mantena \u00e0 Serra Branca, reparando problemas provocados pelas \u00faltimas chuvas bem como pela utiliza\u00e7\u00e3o deste trecho que \u00e9 intensa, ligando Mantena a cidades como Cuparaque, Manten\u00f3polis e outras. <\/span><\/p>\n<p><span style=\"font-size: 14pt;\">O trabalho realizado pelo DEER\/MG vem tamb\u00e9m em atendimento a uma solicita\u00e7\u00e3o feita pela comunidade e ainda por pol\u00edticos como o prefeito municipal Jo\u00e3o Rufino e o deputado federal Leonardo Monteiro, no intuito de liberar recursos para a execu\u00e7\u00e3o dos servi\u00e7os. <\/span><\/p>\n<p><span style=\"font-size: 14pt;\">Al\u00e9m do patrolamento feito na estrada, e buracos \u00e0s margens da pista que foram tapados, no topo da Serra Branca, um bom trecho recebeu uma esp\u00e9cie de piso (com brita e sobra de asfalto), que auxiliar\u00e1 no tr\u00e2nsito de ve\u00edculos, principalmente na temporada de chuvas. <\/span><\/p>\n<p><span style=\"font-size: 14pt;\">De acordo com representantes da comunidade local, o trabalho j\u00e1 est\u00e1 sendo conclu\u00eddo e o resultado est\u00e1 ficando bom, pelo menos para atender uma demanda insistente dos produtores rurais e usu\u00e1rios desta estrada que diariamente necessitam dela trafeg\u00e1vel para suas atividades. <\/span><\/p>\n<p><span style=\"font-size: 14pt;\">Eles aproveitam para agradecer o que foi feito at\u00e9 o momento, pedindo a aten\u00e7\u00e3o rotineira dos representantes do DEER\/MG neste trecho.<\/span><\/p>\n<p><a href=\"http:\/\/www.portalmantena.com.br\/novo\/wp-content\/uploads\/2017\/10\/no191017estrada2.jpg\"><img loading=\"lazy\" class=\"alignnone size-full wp-image-18344\" src=\"http:\/\/www.portalmantena.com.br\/novo\/wp-content\/uploads\/2017\/10\/no191017estrada2.jpg\" alt=\"\" width=\"700\" height=\"450\" srcset=\"http:\/\/www.portalmantena.com.br\/novo\/wp-content\/uploads\/2017\/10\/no191017estrada2.jpg 700w, http:\/\/www.portalmantena.com.br\/novo\/wp-content\/uploads\/2017\/10\/no191017estrada2-300x193.jpg 300w, http:\/\/www.portalmantena.com.br\/novo\/wp-content\/uploads\/2017\/10\/no191017estrada2-696x447.jpg 696w, http:\/\/www.portalmantena.com.br\/novo\/wp-content\/uploads\/2017\/10\/no191017estrada2-653x420.jpg 653w\" sizes=\"(max-width: 700px) 100vw, 700px\" \/><\/a> <a href=\"http:\/\/www.portalmantena.com.br\/novo\/wp-content\/uploads\/2017\/10\/no191017estrada3.jpg\"><img loading=\"lazy\" class=\"alignnone size-full wp-image-18345\" src=\"http:\/\/www.portalmantena.com.br\/novo\/wp-content\/uploads\/2017\/10\/no191017estrada3.jpg\" alt=\"\" width=\"700\" height=\"450\" srcset=\"http:\/\/www.portalmantena.com.br\/novo\/wp-content\/uploads\/2017\/10\/no191017estrada3.jpg 700w, http:\/\/www.portalmantena.com.br\/novo\/wp-content\/uploads\/2017\/10\/no191017estrada3-300x193.jpg 300w, http:\/\/www.portalmantena.com.br\/novo\/wp-content\/uploads\/2017\/10\/no191017estrada3-696x447.jpg 696w, http:\/\/www.portalmantena.com.br\/novo\/wp-content\/uploads\/2017\/10\/no191017estrada3-653x420.jpg 653w\" sizes=\"(max-width: 700px) 100vw, 700px\" \/><\/a> <a href=\"http:\/\/www.portalmantena.com.br\/novo\/wp-content\/uploads\/2017\/10\/no191017estrada4.jpg\"><img loading=\"lazy\" class=\"alignnone size-full wp-image-18346\" src=\"http:\/\/www.portalmantena.com.br\/novo\/wp-content\/uploads\/2017\/10\/no191017estrada4.jpg\" alt=\"\" width=\"700\" height=\"450\" srcset=\"http:\/\/www.portalmantena.com.br\/novo\/wp-content\/uploads\/2017\/10\/no191017estrada4.jpg 700w, http:\/\/www.portalmantena.com.br\/novo\/wp-content\/uploads\/2017\/10\/no191017estrada4-300x193.jpg 300w, http:\/\/www.portalmantena.com.br\/novo\/wp-content\/uploads\/2017\/10\/no191017estrada4-696x447.jpg 696w, http:\/\/www.portalmantena.com.br\/novo\/wp-content\/uploads\/2017\/10\/no191017estrada4-653x420.jpg 653w\" sizes=\"(max-width: 700px) 100vw, 700px\" \/><\/a><\/p>\n","protected":false},"excerpt":{"rendered":"<p>Uma equipe do DEER\/MG est\u00e1 h\u00e1 alguns dias realizando o trabalho de patrolamento e melhorias no trecho de estrada de terra, que liga Mantena \u00e0 Serra Branca, reparando problemas provocados pelas \u00faltimas chuvas bem como pela utiliza\u00e7\u00e3o deste trecho que \u00e9 intensa, ligando Mantena a cidades como Cuparaque, Manten\u00f3polis e outras. O trabalho realizado pelo [&hellip;]<\/p>\n","protected":false},"author":1,"featured_media":18345,"comment_status":"open","ping_status":"open","sticky":false,"template":"","format":"standard","meta":[],"categories":[36,12],"tags":[],"_links":{"self":[{"href":"http:\/\/www.portalmantena.com.br\/novo\/index.php?rest_route=\/wp\/v2\/posts\/18342"}],"collection":[{"href":"http:\/\/www.portalmantena.com.br\/novo\/index.php?rest_route=\/wp\/v2\/posts"}],"about":[{"href":"http:\/\/www.portalmantena.com.br\/novo\/index.php?rest_route=\/wp\/v2\/types\/post"}],"author":[{"embeddable":true,"href":"http:\/\/www.portalmantena.com.br\/novo\/index.php?rest_route=\/wp\/v2\/users\/1"}],"replies":[{"embeddable":true,"href":"http:\/\/www.portalmantena.com.br\/novo\/index.php?rest_route=%2Fwp%2Fv2%2Fcomments&post=18342"}],"version-history":[{"count":1,"href":"http:\/\/www.portalmantena.com.br\/novo\/index.php?rest_route=\/wp\/v2\/posts\/18342\/revisions"}],"predecessor-version":[{"id":18347,"href":"http:\/\/www.portalmantena.com.br\/novo\/index.php?rest_route=\/wp\/v2\/posts\/18342\/revisions\/18347"}],"wp:featuredmedia":[{"embeddable":true,"href":"http:\/\/www.portalmantena.com.br\/novo\/index.php?rest_route=\/wp\/v2\/media\/18345"}],"wp:attachment":[{"href":"http:\/\/www.portalmantena.com.br\/novo\/index.php?rest_route=%2Fwp%2Fv2%2Fmedia&parent=18342"}],"wp:term":[{"taxonomy":"category","embeddable":true,"href":"http:\/\/www.portalmantena.com.br\/novo\/index.php?rest_route=%2Fwp%2Fv2%2Fcategories&post=18342"},{"taxonomy":"post_tag","embeddable":true,"href":"http:\/\/www.portalmantena.com.br\/novo\/index.php?rest_route=%2Fwp%2Fv2%2Ftags&post=18342"}],"curies":[{"name":"wp","href":"https:\/\/api.w.org\/{rel}","templated":true}]}}