{"id":16458,"date":"2017-09-26T06:30:15","date_gmt":"2017-09-26T09:30:15","guid":{"rendered":"http:\/\/www.portalmantena.com.br\/novo\/?p=16458"},"modified":"2017-09-25T16:55:12","modified_gmt":"2017-09-25T19:55:12","slug":"chegou-a-primavera-em-mantena-cidade-sendo-colorida","status":"publish","type":"post","link":"http:\/\/www.portalmantena.com.br\/novo\/?p=16458","title":{"rendered":"Chegou a Primavera em Mantena, cidade sendo colorida"},"content":{"rendered":"<p><a href=\"http:\/\/www.portalmantena.com.br\/novo\/wp-content\/uploads\/2017\/09\/no250917flor1.jpg\"><img loading=\"lazy\" class=\"alignnone size-full wp-image-16459\" src=\"http:\/\/www.portalmantena.com.br\/novo\/wp-content\/uploads\/2017\/09\/no250917flor1.jpg\" alt=\"\" width=\"700\" height=\"450\" srcset=\"http:\/\/www.portalmantena.com.br\/novo\/wp-content\/uploads\/2017\/09\/no250917flor1.jpg 700w, http:\/\/www.portalmantena.com.br\/novo\/wp-content\/uploads\/2017\/09\/no250917flor1-300x193.jpg 300w, http:\/\/www.portalmantena.com.br\/novo\/wp-content\/uploads\/2017\/09\/no250917flor1-696x447.jpg 696w, http:\/\/www.portalmantena.com.br\/novo\/wp-content\/uploads\/2017\/09\/no250917flor1-653x420.jpg 653w\" sizes=\"(max-width: 700px) 100vw, 700px\" \/><\/a><\/p>\n<p><span style=\"font-size: 14pt;\">Teve in\u00edcio na \u00faltima sexta-feira dia 22 de Setembro, \u00e0s 17h02\u2019 a esta\u00e7\u00e3o do ano considerada a mais bela. A primavera \u00e9 a esta\u00e7\u00e3o que antecede o ver\u00e3o e sucede o inverno. <\/span><\/p>\n<p><span style=\"font-size: 14pt;\">No Hemisf\u00e9rio Sul, onde est\u00e1 localizado o Brasil, esta esta\u00e7\u00e3o \u00e9 caracterizada pelo desabrochar das flores e pelo aquecimento da temperatura. Nesta esta\u00e7\u00e3o, o clima \u00e9 mais ameno, ou seja, n\u00e3o t\u00e3o quente quanto o ver\u00e3o, e nem muito frio como no inverno. <\/span><\/p>\n<p><span style=\"font-size: 14pt;\">Ela termina no dia 21 de Dezembro e poderemos ter uma esta\u00e7\u00e3o com muita chuva. <\/span><\/p>\n<p><span style=\"font-size: 14pt;\">Em Mantena por v\u00e1rios locais da cidade \u00e9 poss\u00edvel ver os reflexos da chegada desta bela esta\u00e7\u00e3o com v\u00e1rias \u00e1rvores floridas e os belos jardins com suas cores, trazendo assim um clima agrad\u00e1vel e tamb\u00e9m de alimento para os p\u00e1ssaros e insetos polinizadores. <\/span><\/p>\n<p><span style=\"font-size: 14pt;\">Ip\u00eas floridos, orqu\u00eddeas desabrochando, bougainville, \u00a0al\u00e9m de outras esp\u00e9cies que mesmo silvestres transformam a paisagem.<\/span><\/p>\n<p><a href=\"http:\/\/www.portalmantena.com.br\/novo\/wp-content\/uploads\/2017\/09\/no250917flor2.jpg\"><img loading=\"lazy\" class=\"alignnone size-full wp-image-16460\" src=\"http:\/\/www.portalmantena.com.br\/novo\/wp-content\/uploads\/2017\/09\/no250917flor2.jpg\" alt=\"\" width=\"700\" height=\"450\" srcset=\"http:\/\/www.portalmantena.com.br\/novo\/wp-content\/uploads\/2017\/09\/no250917flor2.jpg 700w, http:\/\/www.portalmantena.com.br\/novo\/wp-content\/uploads\/2017\/09\/no250917flor2-300x193.jpg 300w, http:\/\/www.portalmantena.com.br\/novo\/wp-content\/uploads\/2017\/09\/no250917flor2-696x447.jpg 696w, http:\/\/www.portalmantena.com.br\/novo\/wp-content\/uploads\/2017\/09\/no250917flor2-653x420.jpg 653w\" sizes=\"(max-width: 700px) 100vw, 700px\" \/><\/a> <a href=\"http:\/\/www.portalmantena.com.br\/novo\/wp-content\/uploads\/2017\/09\/no250917flor3.jpg\"><img loading=\"lazy\" class=\"alignnone size-full wp-image-16461\" src=\"http:\/\/www.portalmantena.com.br\/novo\/wp-content\/uploads\/2017\/09\/no250917flor3.jpg\" alt=\"\" width=\"700\" height=\"450\" srcset=\"http:\/\/www.portalmantena.com.br\/novo\/wp-content\/uploads\/2017\/09\/no250917flor3.jpg 700w, http:\/\/www.portalmantena.com.br\/novo\/wp-content\/uploads\/2017\/09\/no250917flor3-300x193.jpg 300w, http:\/\/www.portalmantena.com.br\/novo\/wp-content\/uploads\/2017\/09\/no250917flor3-696x447.jpg 696w, http:\/\/www.portalmantena.com.br\/novo\/wp-content\/uploads\/2017\/09\/no250917flor3-653x420.jpg 653w\" sizes=\"(max-width: 700px) 100vw, 700px\" \/><\/a> <a href=\"http:\/\/www.portalmantena.com.br\/novo\/wp-content\/uploads\/2017\/09\/no250917flor4.jpg\"><img loading=\"lazy\" class=\"alignnone size-full wp-image-16462\" src=\"http:\/\/www.portalmantena.com.br\/novo\/wp-content\/uploads\/2017\/09\/no250917flor4.jpg\" alt=\"\" width=\"700\" height=\"450\" srcset=\"http:\/\/www.portalmantena.com.br\/novo\/wp-content\/uploads\/2017\/09\/no250917flor4.jpg 700w, http:\/\/www.portalmantena.com.br\/novo\/wp-content\/uploads\/2017\/09\/no250917flor4-300x193.jpg 300w, http:\/\/www.portalmantena.com.br\/novo\/wp-content\/uploads\/2017\/09\/no250917flor4-696x447.jpg 696w, http:\/\/www.portalmantena.com.br\/novo\/wp-content\/uploads\/2017\/09\/no250917flor4-653x420.jpg 653w\" sizes=\"(max-width: 700px) 100vw, 700px\" \/><\/a> <a href=\"http:\/\/www.portalmantena.com.br\/novo\/wp-content\/uploads\/2017\/09\/no250917flor5.jpg\"><img loading=\"lazy\" class=\"alignnone size-full wp-image-16463\" src=\"http:\/\/www.portalmantena.com.br\/novo\/wp-content\/uploads\/2017\/09\/no250917flor5.jpg\" alt=\"\" width=\"700\" height=\"450\" srcset=\"http:\/\/www.portalmantena.com.br\/novo\/wp-content\/uploads\/2017\/09\/no250917flor5.jpg 700w, http:\/\/www.portalmantena.com.br\/novo\/wp-content\/uploads\/2017\/09\/no250917flor5-300x193.jpg 300w, http:\/\/www.portalmantena.com.br\/novo\/wp-content\/uploads\/2017\/09\/no250917flor5-696x447.jpg 696w, http:\/\/www.portalmantena.com.br\/novo\/wp-content\/uploads\/2017\/09\/no250917flor5-653x420.jpg 653w\" sizes=\"(max-width: 700px) 100vw, 700px\" \/><\/a> <a href=\"http:\/\/www.portalmantena.com.br\/novo\/wp-content\/uploads\/2017\/09\/no250917flor6.jpg\"><img loading=\"lazy\" class=\"alignnone size-full wp-image-16464\" src=\"http:\/\/www.portalmantena.com.br\/novo\/wp-content\/uploads\/2017\/09\/no250917flor6.jpg\" alt=\"\" width=\"700\" height=\"450\" srcset=\"http:\/\/www.portalmantena.com.br\/novo\/wp-content\/uploads\/2017\/09\/no250917flor6.jpg 700w, http:\/\/www.portalmantena.com.br\/novo\/wp-content\/uploads\/2017\/09\/no250917flor6-300x193.jpg 300w, http:\/\/www.portalmantena.com.br\/novo\/wp-content\/uploads\/2017\/09\/no250917flor6-696x447.jpg 696w, http:\/\/www.portalmantena.com.br\/novo\/wp-content\/uploads\/2017\/09\/no250917flor6-653x420.jpg 653w\" sizes=\"(max-width: 700px) 100vw, 700px\" \/><\/a> <a href=\"http:\/\/www.portalmantena.com.br\/novo\/wp-content\/uploads\/2017\/09\/no250917flor7.jpg\"><img loading=\"lazy\" class=\"alignnone size-full wp-image-16465\" src=\"http:\/\/www.portalmantena.com.br\/novo\/wp-content\/uploads\/2017\/09\/no250917flor7.jpg\" alt=\"\" width=\"700\" height=\"450\" srcset=\"http:\/\/www.portalmantena.com.br\/novo\/wp-content\/uploads\/2017\/09\/no250917flor7.jpg 700w, http:\/\/www.portalmantena.com.br\/novo\/wp-content\/uploads\/2017\/09\/no250917flor7-300x193.jpg 300w, http:\/\/www.portalmantena.com.br\/novo\/wp-content\/uploads\/2017\/09\/no250917flor7-696x447.jpg 696w, http:\/\/www.portalmantena.com.br\/novo\/wp-content\/uploads\/2017\/09\/no250917flor7-653x420.jpg 653w\" sizes=\"(max-width: 700px) 100vw, 700px\" \/><\/a><\/p>\n","protected":false},"excerpt":{"rendered":"<p>Teve in\u00edcio na \u00faltima sexta-feira dia 22 de Setembro, \u00e0s 17h02\u2019 a esta\u00e7\u00e3o do ano considerada a mais bela. A primavera \u00e9 a esta\u00e7\u00e3o que antecede o ver\u00e3o e sucede o inverno. No Hemisf\u00e9rio Sul, onde est\u00e1 localizado o Brasil, esta esta\u00e7\u00e3o \u00e9 caracterizada pelo desabrochar das flores e pelo aquecimento da temperatura. Nesta esta\u00e7\u00e3o, [&hellip;]<\/p>\n","protected":false},"author":1,"featured_media":16465,"comment_status":"open","ping_status":"open","sticky":false,"template":"","format":"standard","meta":[],"categories":[36,12],"tags":[],"_links":{"self":[{"href":"http:\/\/www.portalmantena.com.br\/novo\/index.php?rest_route=\/wp\/v2\/posts\/16458"}],"collection":[{"href":"http:\/\/www.portalmantena.com.br\/novo\/index.php?rest_route=\/wp\/v2\/posts"}],"about":[{"href":"http:\/\/www.portalmantena.com.br\/novo\/index.php?rest_route=\/wp\/v2\/types\/post"}],"author":[{"embeddable":true,"href":"http:\/\/www.portalmantena.com.br\/novo\/index.php?rest_route=\/wp\/v2\/users\/1"}],"replies":[{"embeddable":true,"href":"http:\/\/www.portalmantena.com.br\/novo\/index.php?rest_route=%2Fwp%2Fv2%2Fcomments&post=16458"}],"version-history":[{"count":1,"href":"http:\/\/www.portalmantena.com.br\/novo\/index.php?rest_route=\/wp\/v2\/posts\/16458\/revisions"}],"predecessor-version":[{"id":16466,"href":"http:\/\/www.portalmantena.com.br\/novo\/index.php?rest_route=\/wp\/v2\/posts\/16458\/revisions\/16466"}],"wp:featuredmedia":[{"embeddable":true,"href":"http:\/\/www.portalmantena.com.br\/novo\/index.php?rest_route=\/wp\/v2\/media\/16465"}],"wp:attachment":[{"href":"http:\/\/www.portalmantena.com.br\/novo\/index.php?rest_route=%2Fwp%2Fv2%2Fmedia&parent=16458"}],"wp:term":[{"taxonomy":"category","embeddable":true,"href":"http:\/\/www.portalmantena.com.br\/novo\/index.php?rest_route=%2Fwp%2Fv2%2Fcategories&post=16458"},{"taxonomy":"post_tag","embeddable":true,"href":"http:\/\/www.portalmantena.com.br\/novo\/index.php?rest_route=%2Fwp%2Fv2%2Ftags&post=16458"}],"curies":[{"name":"wp","href":"https:\/\/api.w.org\/{rel}","templated":true}]}}