{"id":16452,"date":"2017-09-26T03:06:06","date_gmt":"2017-09-26T06:06:06","guid":{"rendered":"http:\/\/www.portalmantena.com.br\/novo\/?p=16452"},"modified":"2017-09-26T08:25:58","modified_gmt":"2017-09-26T11:25:58","slug":"128-pedras-de-crack-e-tabletes-de-maconha-sao-apreendidos-na-regiao","status":"publish","type":"post","link":"http:\/\/www.portalmantena.com.br\/novo\/?p=16452","title":{"rendered":"128 pedras de crack e tabletes de Maconha s\u00e3o apreendidos"},"content":{"rendered":"<p><a href=\"http:\/\/www.portalmantena.com.br\/novo\/wp-content\/uploads\/2017\/09\/no250917droga.jpg\"><img loading=\"lazy\" class=\"alignnone size-full wp-image-16453\" src=\"http:\/\/www.portalmantena.com.br\/novo\/wp-content\/uploads\/2017\/09\/no250917droga.jpg\" alt=\"\" width=\"700\" height=\"450\" srcset=\"http:\/\/www.portalmantena.com.br\/novo\/wp-content\/uploads\/2017\/09\/no250917droga.jpg 700w, http:\/\/www.portalmantena.com.br\/novo\/wp-content\/uploads\/2017\/09\/no250917droga-300x193.jpg 300w, http:\/\/www.portalmantena.com.br\/novo\/wp-content\/uploads\/2017\/09\/no250917droga-696x447.jpg 696w, http:\/\/www.portalmantena.com.br\/novo\/wp-content\/uploads\/2017\/09\/no250917droga-653x420.jpg 653w\" sizes=\"(max-width: 700px) 100vw, 700px\" \/><\/a><\/p>\n<p><span style=\"font-size: 14pt;\">A Pol\u00edcia Militar prendeu dois suspeitos de tr\u00e1fico de drogas no bairro Benevides na cidade de Conselheiro Pena neste domingo dia 24 de Setembro. Um dos suspeitos, de 21 anos, seria integrante de parte de uma organiza\u00e7\u00e3o que tem tentado se instalar na cidade para comercializar drogas. <\/span><\/p>\n<p><span style=\"font-size: 14pt;\">Ele foi preso no bairro Benevides, depois de ser abordado no meio da rua, nas proximidades de uma resid\u00eancia na rua Maring\u00e1. <\/span><\/p>\n<p><span style=\"font-size: 14pt;\">Na casa, que segundo a PM seria de uma amiga, os militares encontraram 128 pedras de Crack, 20 tabletes de Maconha (de 25g cada), 260 gramas de maconha e outras 80 buchas de maconha prontas para serem comercializadas. <\/span><\/p>\n<p><span style=\"font-size: 14pt;\">A pol\u00edcia ainda encontrou v\u00e1rias mensagens nos aparelhos celulares dos autores relativa ao tr\u00e1fico de droga. Uma mulher de 31 anos tamb\u00e9m foi detida. Ambos foram presos em flagrante e encaminhados para a Delegacia de Governador Valadares (fonte:noticasnoleste\/foto:PM).<\/span><\/p>\n","protected":false},"excerpt":{"rendered":"<p>A Pol\u00edcia Militar prendeu dois suspeitos de tr\u00e1fico de drogas no bairro Benevides na cidade de Conselheiro Pena neste domingo dia 24 de Setembro. Um dos suspeitos, de 21 anos, seria integrante de parte de uma organiza\u00e7\u00e3o que tem tentado se instalar na cidade para comercializar drogas. Ele foi preso no bairro Benevides, depois de [&hellip;]<\/p>\n","protected":false},"author":1,"featured_media":16453,"comment_status":"open","ping_status":"open","sticky":false,"template":"","format":"standard","meta":[],"categories":[11,34],"tags":[],"_links":{"self":[{"href":"http:\/\/www.portalmantena.com.br\/novo\/index.php?rest_route=\/wp\/v2\/posts\/16452"}],"collection":[{"href":"http:\/\/www.portalmantena.com.br\/novo\/index.php?rest_route=\/wp\/v2\/posts"}],"about":[{"href":"http:\/\/www.portalmantena.com.br\/novo\/index.php?rest_route=\/wp\/v2\/types\/post"}],"author":[{"embeddable":true,"href":"http:\/\/www.portalmantena.com.br\/novo\/index.php?rest_route=\/wp\/v2\/users\/1"}],"replies":[{"embeddable":true,"href":"http:\/\/www.portalmantena.com.br\/novo\/index.php?rest_route=%2Fwp%2Fv2%2Fcomments&post=16452"}],"version-history":[{"count":2,"href":"http:\/\/www.portalmantena.com.br\/novo\/index.php?rest_route=\/wp\/v2\/posts\/16452\/revisions"}],"predecessor-version":[{"id":16469,"href":"http:\/\/www.portalmantena.com.br\/novo\/index.php?rest_route=\/wp\/v2\/posts\/16452\/revisions\/16469"}],"wp:featuredmedia":[{"embeddable":true,"href":"http:\/\/www.portalmantena.com.br\/novo\/index.php?rest_route=\/wp\/v2\/media\/16453"}],"wp:attachment":[{"href":"http:\/\/www.portalmantena.com.br\/novo\/index.php?rest_route=%2Fwp%2Fv2%2Fmedia&parent=16452"}],"wp:term":[{"taxonomy":"category","embeddable":true,"href":"http:\/\/www.portalmantena.com.br\/novo\/index.php?rest_route=%2Fwp%2Fv2%2Fcategories&post=16452"},{"taxonomy":"post_tag","embeddable":true,"href":"http:\/\/www.portalmantena.com.br\/novo\/index.php?rest_route=%2Fwp%2Fv2%2Ftags&post=16452"}],"curies":[{"name":"wp","href":"https:\/\/api.w.org\/{rel}","templated":true}]}}