{"id":1565,"date":"2017-02-21T18:43:29","date_gmt":"2017-02-21T18:43:29","guid":{"rendered":"http:\/\/www.portalmantena.com.br\/novo\/?p=1565"},"modified":"2017-02-21T18:43:29","modified_gmt":"2017-02-21T18:43:29","slug":"1a-sessao-ordinaria-de-2017-da-camara-em-sao-francisco-foi-tranquila","status":"publish","type":"post","link":"http:\/\/www.portalmantena.com.br\/novo\/?p=1565","title":{"rendered":"1\u00aa sess\u00e3o ordin\u00e1ria de 2017 da C\u00e2mara em S\u00e3o Francisco foi tranquila"},"content":{"rendered":"<p><a href=\"http:\/\/www.portalmantena.com.br\/novo\/wp-content\/uploads\/2017\/02\/no210217camara1.jpg\"><img loading=\"lazy\" class=\"alignnone size-full wp-image-1566\" src=\"http:\/\/www.portalmantena.com.br\/novo\/wp-content\/uploads\/2017\/02\/no210217camara1.jpg\" alt=\"\" width=\"700\" height=\"450\" srcset=\"http:\/\/www.portalmantena.com.br\/novo\/wp-content\/uploads\/2017\/02\/no210217camara1.jpg 700w, http:\/\/www.portalmantena.com.br\/novo\/wp-content\/uploads\/2017\/02\/no210217camara1-300x193.jpg 300w, http:\/\/www.portalmantena.com.br\/novo\/wp-content\/uploads\/2017\/02\/no210217camara1-696x447.jpg 696w, http:\/\/www.portalmantena.com.br\/novo\/wp-content\/uploads\/2017\/02\/no210217camara1-653x420.jpg 653w\" sizes=\"(max-width: 700px) 100vw, 700px\" \/><\/a><\/p>\n<p><span style=\"font-size: 14pt;\">Com a presen\u00e7a reduzida da popula\u00e7\u00e3o no plen\u00e1rio, aconteceu nesta segunda-feira, dia 20 de fevereiro, a primeira Sess\u00e3o Ordin\u00e1ria do ano de 2017 da C\u00e2mara Municipal de Vereadores de Barra de S\u00e3o Francisco. <\/span><\/p>\n<p><span style=\"font-size: 14pt;\">Na pauta apenas um projeto, que foi apresentado pelo vereador Admilson, indicando a redu\u00e7\u00e3o das di\u00e1rias dos vereadores, projeto que foi direcionado para uma comiss\u00e3o analisar. <\/span><\/p>\n<p><span style=\"font-size: 14pt;\">A sess\u00e3o acabou se resumindo em apresenta\u00e7\u00f5es dos vereadores, indica\u00e7\u00f5es, informa\u00e7\u00f5es e a cordialidade entre os legisladores que iniciam as atividades neste ano. <\/span><\/p>\n<p><span style=\"font-size: 14pt;\">Os pronunciamentos aconteceram mas todos voltados a agradecimentos e a expectativa de que o ano seja pr\u00f3spero, que o munic\u00edpio avance na solu\u00e7\u00e3o de suas demandas. (fonte\/fotos:mazinhodohospital)<\/span><\/p>\n<p><a href=\"http:\/\/www.portalmantena.com.br\/novo\/wp-content\/uploads\/2017\/02\/no210217camara2.jpg\"><img loading=\"lazy\" class=\"alignnone size-full wp-image-1567\" src=\"http:\/\/www.portalmantena.com.br\/novo\/wp-content\/uploads\/2017\/02\/no210217camara2.jpg\" alt=\"\" width=\"700\" height=\"450\" srcset=\"http:\/\/www.portalmantena.com.br\/novo\/wp-content\/uploads\/2017\/02\/no210217camara2.jpg 700w, http:\/\/www.portalmantena.com.br\/novo\/wp-content\/uploads\/2017\/02\/no210217camara2-300x193.jpg 300w, http:\/\/www.portalmantena.com.br\/novo\/wp-content\/uploads\/2017\/02\/no210217camara2-696x447.jpg 696w, http:\/\/www.portalmantena.com.br\/novo\/wp-content\/uploads\/2017\/02\/no210217camara2-653x420.jpg 653w\" sizes=\"(max-width: 700px) 100vw, 700px\" \/><\/a> <a href=\"http:\/\/www.portalmantena.com.br\/novo\/wp-content\/uploads\/2017\/02\/no210217camara3.jpg\"><img loading=\"lazy\" class=\"alignnone size-full wp-image-1568\" src=\"http:\/\/www.portalmantena.com.br\/novo\/wp-content\/uploads\/2017\/02\/no210217camara3.jpg\" alt=\"\" width=\"700\" height=\"450\" srcset=\"http:\/\/www.portalmantena.com.br\/novo\/wp-content\/uploads\/2017\/02\/no210217camara3.jpg 700w, http:\/\/www.portalmantena.com.br\/novo\/wp-content\/uploads\/2017\/02\/no210217camara3-300x193.jpg 300w, http:\/\/www.portalmantena.com.br\/novo\/wp-content\/uploads\/2017\/02\/no210217camara3-696x447.jpg 696w, http:\/\/www.portalmantena.com.br\/novo\/wp-content\/uploads\/2017\/02\/no210217camara3-653x420.jpg 653w\" sizes=\"(max-width: 700px) 100vw, 700px\" \/><\/a><\/p>\n","protected":false},"excerpt":{"rendered":"<p>Com a presen\u00e7a reduzida da popula\u00e7\u00e3o no plen\u00e1rio, aconteceu nesta segunda-feira, dia 20 de fevereiro, a primeira Sess\u00e3o Ordin\u00e1ria do ano de 2017 da C\u00e2mara Municipal de Vereadores de Barra de S\u00e3o Francisco. Na pauta apenas um projeto, que foi apresentado pelo vereador Admilson, indicando a redu\u00e7\u00e3o das di\u00e1rias dos vereadores, projeto que foi direcionado [&hellip;]<\/p>\n","protected":false},"author":1,"featured_media":1566,"comment_status":"open","ping_status":"open","sticky":false,"template":"","format":"standard","meta":[],"categories":[11],"tags":[],"_links":{"self":[{"href":"http:\/\/www.portalmantena.com.br\/novo\/index.php?rest_route=\/wp\/v2\/posts\/1565"}],"collection":[{"href":"http:\/\/www.portalmantena.com.br\/novo\/index.php?rest_route=\/wp\/v2\/posts"}],"about":[{"href":"http:\/\/www.portalmantena.com.br\/novo\/index.php?rest_route=\/wp\/v2\/types\/post"}],"author":[{"embeddable":true,"href":"http:\/\/www.portalmantena.com.br\/novo\/index.php?rest_route=\/wp\/v2\/users\/1"}],"replies":[{"embeddable":true,"href":"http:\/\/www.portalmantena.com.br\/novo\/index.php?rest_route=%2Fwp%2Fv2%2Fcomments&post=1565"}],"version-history":[{"count":1,"href":"http:\/\/www.portalmantena.com.br\/novo\/index.php?rest_route=\/wp\/v2\/posts\/1565\/revisions"}],"predecessor-version":[{"id":1569,"href":"http:\/\/www.portalmantena.com.br\/novo\/index.php?rest_route=\/wp\/v2\/posts\/1565\/revisions\/1569"}],"wp:featuredmedia":[{"embeddable":true,"href":"http:\/\/www.portalmantena.com.br\/novo\/index.php?rest_route=\/wp\/v2\/media\/1566"}],"wp:attachment":[{"href":"http:\/\/www.portalmantena.com.br\/novo\/index.php?rest_route=%2Fwp%2Fv2%2Fmedia&parent=1565"}],"wp:term":[{"taxonomy":"category","embeddable":true,"href":"http:\/\/www.portalmantena.com.br\/novo\/index.php?rest_route=%2Fwp%2Fv2%2Fcategories&post=1565"},{"taxonomy":"post_tag","embeddable":true,"href":"http:\/\/www.portalmantena.com.br\/novo\/index.php?rest_route=%2Fwp%2Fv2%2Ftags&post=1565"}],"curies":[{"name":"wp","href":"https:\/\/api.w.org\/{rel}","templated":true}]}}