{"id":1557,"date":"2017-02-21T18:01:39","date_gmt":"2017-02-21T18:01:39","guid":{"rendered":"http:\/\/www.portalmantena.com.br\/novo\/?p=1557"},"modified":"2017-02-21T18:01:39","modified_gmt":"2017-02-21T18:01:39","slug":"nos-penaltis-cevin-perde-o-torneio-da-manga-para-o-internacional","status":"publish","type":"post","link":"http:\/\/www.portalmantena.com.br\/novo\/?p=1557","title":{"rendered":"Nos p\u00eanaltis, Cevin perde o torneio da Manga para o Internacional"},"content":{"rendered":"<p><a href=\"http:\/\/www.portalmantena.com.br\/novo\/wp-content\/uploads\/2017\/02\/es200217cevin1.jpg\"><img loading=\"lazy\" class=\"alignnone size-full wp-image-1558\" src=\"http:\/\/www.portalmantena.com.br\/novo\/wp-content\/uploads\/2017\/02\/es200217cevin1.jpg\" alt=\"\" width=\"700\" height=\"450\" srcset=\"http:\/\/www.portalmantena.com.br\/novo\/wp-content\/uploads\/2017\/02\/es200217cevin1.jpg 700w, http:\/\/www.portalmantena.com.br\/novo\/wp-content\/uploads\/2017\/02\/es200217cevin1-300x193.jpg 300w, http:\/\/www.portalmantena.com.br\/novo\/wp-content\/uploads\/2017\/02\/es200217cevin1-696x447.jpg 696w, http:\/\/www.portalmantena.com.br\/novo\/wp-content\/uploads\/2017\/02\/es200217cevin1-653x420.jpg 653w\" sizes=\"(max-width: 700px) 100vw, 700px\" \/><\/a><\/p>\n<p style=\"margin: 0cm; margin-bottom: .0001pt; line-height: 17.4pt;\"><span style=\"font-size: 14.0pt; font-family: 'Arial','sans-serif'; color: #333333; letter-spacing: -.25pt;\">Em jogo bastante equilibrado, realizado no final de tarde, in\u00edcio de noite do \u00faltimo s\u00e1bado dia 18 de fevereiro, em Divino das Palmeiras, munic\u00edpio de S\u00e3o Jo\u00e3o do Manteninha, a equipe de futebol da Cevin de Mantena tentou, mas acabou ficando com o t\u00edtulo e vice campe\u00e3o do torneio de futebol da 13\u00aa Festa da Manga. <\/span><\/p>\n<p style=\"margin: 0cm; margin-bottom: .0001pt; line-height: 17.4pt;\">\n<p style=\"margin: 0cm; margin-bottom: .0001pt; line-height: 17.4pt;\"><span style=\"font-size: 14.0pt; font-family: 'Arial','sans-serif'; color: #333333; letter-spacing: -.25pt;\">O jogo equilibrado diante do Internacional de Vargem Grande terminou em 0 a 0, as redes n\u00e3o balan\u00e7aram no tempo normal, mas na cobran\u00e7a dos p\u00eanaltis, o time do Internacional foi mais eficiente e com destaque para o goleiro Neg\u00e3o, ele defendeu duas cobran\u00e7as da Cevin, dos atletas Luciano e Ruan. <\/span><\/p>\n<p style=\"margin: 0cm; margin-bottom: .0001pt; line-height: 17.4pt;\">\n<p style=\"margin: 0cm; margin-bottom: .0001pt; line-height: 17.4pt;\"><span style=\"font-size: 14.0pt; font-family: 'Arial','sans-serif'; color: #333333; letter-spacing: -.25pt;\">O p\u00fablico compareceu em peso, e a festa do esporte foi bonita, valorizando as duas equipes que est\u00e3o muito bem montadas, com atletas que se destacam na regi\u00e3o. O t\u00e9cnico da Cevin, o conhecido Wendel Valadares, fez quest\u00e3o de apoiar sua equipe, seus atletas que se dedicaram e se esfor\u00e7aram para a conquista do t\u00edtulo, por\u00e9m lembrando que o time do Internacional tamb\u00e9m \u00e9 favorito nas competi\u00e7\u00f5es que participa, montando sempre uma grande equipe.<\/span><\/p>\n<p style=\"margin: 0cm; margin-bottom: .0001pt; line-height: 17.4pt;\">\n<p><a href=\"http:\/\/www.portalmantena.com.br\/novo\/wp-content\/uploads\/2017\/02\/es200217cevin2.jpg\"><img loading=\"lazy\" class=\"alignnone size-full wp-image-1559\" src=\"http:\/\/www.portalmantena.com.br\/novo\/wp-content\/uploads\/2017\/02\/es200217cevin2.jpg\" alt=\"\" width=\"700\" height=\"450\" srcset=\"http:\/\/www.portalmantena.com.br\/novo\/wp-content\/uploads\/2017\/02\/es200217cevin2.jpg 700w, http:\/\/www.portalmantena.com.br\/novo\/wp-content\/uploads\/2017\/02\/es200217cevin2-300x193.jpg 300w, http:\/\/www.portalmantena.com.br\/novo\/wp-content\/uploads\/2017\/02\/es200217cevin2-696x447.jpg 696w, http:\/\/www.portalmantena.com.br\/novo\/wp-content\/uploads\/2017\/02\/es200217cevin2-653x420.jpg 653w\" sizes=\"(max-width: 700px) 100vw, 700px\" \/><\/a> <a href=\"http:\/\/www.portalmantena.com.br\/novo\/wp-content\/uploads\/2017\/02\/es200217cevin3.jpg\"><img loading=\"lazy\" class=\"alignnone size-full wp-image-1560\" src=\"http:\/\/www.portalmantena.com.br\/novo\/wp-content\/uploads\/2017\/02\/es200217cevin3.jpg\" alt=\"\" width=\"700\" height=\"450\" srcset=\"http:\/\/www.portalmantena.com.br\/novo\/wp-content\/uploads\/2017\/02\/es200217cevin3.jpg 700w, http:\/\/www.portalmantena.com.br\/novo\/wp-content\/uploads\/2017\/02\/es200217cevin3-300x193.jpg 300w, http:\/\/www.portalmantena.com.br\/novo\/wp-content\/uploads\/2017\/02\/es200217cevin3-696x447.jpg 696w, http:\/\/www.portalmantena.com.br\/novo\/wp-content\/uploads\/2017\/02\/es200217cevin3-653x420.jpg 653w\" sizes=\"(max-width: 700px) 100vw, 700px\" \/><\/a> <a href=\"http:\/\/www.portalmantena.com.br\/novo\/wp-content\/uploads\/2017\/02\/es200217cevin4.jpg\"><img loading=\"lazy\" class=\"alignnone size-full wp-image-1561\" src=\"http:\/\/www.portalmantena.com.br\/novo\/wp-content\/uploads\/2017\/02\/es200217cevin4.jpg\" alt=\"\" width=\"700\" height=\"450\" srcset=\"http:\/\/www.portalmantena.com.br\/novo\/wp-content\/uploads\/2017\/02\/es200217cevin4.jpg 700w, http:\/\/www.portalmantena.com.br\/novo\/wp-content\/uploads\/2017\/02\/es200217cevin4-300x193.jpg 300w, http:\/\/www.portalmantena.com.br\/novo\/wp-content\/uploads\/2017\/02\/es200217cevin4-696x447.jpg 696w, http:\/\/www.portalmantena.com.br\/novo\/wp-content\/uploads\/2017\/02\/es200217cevin4-653x420.jpg 653w\" sizes=\"(max-width: 700px) 100vw, 700px\" \/><\/a><\/p>\n","protected":false},"excerpt":{"rendered":"<p>Em jogo bastante equilibrado, realizado no final de tarde, in\u00edcio de noite do \u00faltimo s\u00e1bado dia 18 de fevereiro, em Divino das Palmeiras, munic\u00edpio de S\u00e3o Jo\u00e3o do Manteninha, a equipe de futebol da Cevin de Mantena tentou, mas acabou ficando com o t\u00edtulo e vice campe\u00e3o do torneio de futebol da 13\u00aa Festa da [&hellip;]<\/p>\n","protected":false},"author":1,"featured_media":1560,"comment_status":"open","ping_status":"open","sticky":false,"template":"","format":"standard","meta":[],"categories":[22],"tags":[],"_links":{"self":[{"href":"http:\/\/www.portalmantena.com.br\/novo\/index.php?rest_route=\/wp\/v2\/posts\/1557"}],"collection":[{"href":"http:\/\/www.portalmantena.com.br\/novo\/index.php?rest_route=\/wp\/v2\/posts"}],"about":[{"href":"http:\/\/www.portalmantena.com.br\/novo\/index.php?rest_route=\/wp\/v2\/types\/post"}],"author":[{"embeddable":true,"href":"http:\/\/www.portalmantena.com.br\/novo\/index.php?rest_route=\/wp\/v2\/users\/1"}],"replies":[{"embeddable":true,"href":"http:\/\/www.portalmantena.com.br\/novo\/index.php?rest_route=%2Fwp%2Fv2%2Fcomments&post=1557"}],"version-history":[{"count":1,"href":"http:\/\/www.portalmantena.com.br\/novo\/index.php?rest_route=\/wp\/v2\/posts\/1557\/revisions"}],"predecessor-version":[{"id":1562,"href":"http:\/\/www.portalmantena.com.br\/novo\/index.php?rest_route=\/wp\/v2\/posts\/1557\/revisions\/1562"}],"wp:featuredmedia":[{"embeddable":true,"href":"http:\/\/www.portalmantena.com.br\/novo\/index.php?rest_route=\/wp\/v2\/media\/1560"}],"wp:attachment":[{"href":"http:\/\/www.portalmantena.com.br\/novo\/index.php?rest_route=%2Fwp%2Fv2%2Fmedia&parent=1557"}],"wp:term":[{"taxonomy":"category","embeddable":true,"href":"http:\/\/www.portalmantena.com.br\/novo\/index.php?rest_route=%2Fwp%2Fv2%2Fcategories&post=1557"},{"taxonomy":"post_tag","embeddable":true,"href":"http:\/\/www.portalmantena.com.br\/novo\/index.php?rest_route=%2Fwp%2Fv2%2Ftags&post=1557"}],"curies":[{"name":"wp","href":"https:\/\/api.w.org\/{rel}","templated":true}]}}