{"id":15554,"date":"2017-09-11T08:04:14","date_gmt":"2017-09-11T11:04:14","guid":{"rendered":"http:\/\/www.portalmantena.com.br\/novo\/?p=15554"},"modified":"2017-09-11T08:04:14","modified_gmt":"2017-09-11T11:04:14","slug":"acusado-de-atirar-com-arma-de-fogo-e-preso-com-drogas","status":"publish","type":"post","link":"http:\/\/www.portalmantena.com.br\/novo\/?p=15554","title":{"rendered":"Acusado de atirar com arma de fogo \u00e9 preso com drogas"},"content":{"rendered":"<p><span style=\"font-size: 14pt;\">Na noite da \u00faltima ter\u00e7a-feira (05), policiais militares apreenderam uma arma de fogo e 23 buchas de maconha no bairro Lion\u00f3rio, na cidade capixaba de Pedro Can\u00e1rio.<\/span><br \/>\n<span style=\"font-size: 14pt;\"> Den\u00fancias informavam que um suspeito estava efetuando disparos de arma de fogo, em um terreno baldio. <\/span><\/p>\n<p><span style=\"font-size: 14pt;\">Duas guarni\u00e7\u00f5es foram ao local denunciado e realizaram um cerco, sendo encontrado um adolescente portando uma arma de fogo, tipo cartucheira, de fabrica\u00e7\u00e3o artesanal, e tr\u00eas buchas de maconha. Nas imedia\u00e7\u00f5es foram encontradas mais 20 buchas da mesma substancia.\u00a0<\/span><\/p>\n<p><span style=\"font-size: 14pt;\">O adolescente foi apreendido e encaminhado ao plant\u00e3o policial de S\u00e3o Mateus.\u00a0<\/span><\/p>\n","protected":false},"excerpt":{"rendered":"<p>Na noite da \u00faltima ter\u00e7a-feira (05), policiais militares apreenderam uma arma de fogo e 23 buchas de maconha no bairro Lion\u00f3rio, na cidade capixaba de Pedro Can\u00e1rio. Den\u00fancias informavam que um suspeito estava efetuando disparos de arma de fogo, em um terreno baldio. Duas guarni\u00e7\u00f5es foram ao local denunciado e realizaram um cerco, sendo encontrado [&hellip;]<\/p>\n","protected":false},"author":1,"featured_media":0,"comment_status":"open","ping_status":"open","sticky":false,"template":"","format":"standard","meta":[],"categories":[24],"tags":[],"_links":{"self":[{"href":"http:\/\/www.portalmantena.com.br\/novo\/index.php?rest_route=\/wp\/v2\/posts\/15554"}],"collection":[{"href":"http:\/\/www.portalmantena.com.br\/novo\/index.php?rest_route=\/wp\/v2\/posts"}],"about":[{"href":"http:\/\/www.portalmantena.com.br\/novo\/index.php?rest_route=\/wp\/v2\/types\/post"}],"author":[{"embeddable":true,"href":"http:\/\/www.portalmantena.com.br\/novo\/index.php?rest_route=\/wp\/v2\/users\/1"}],"replies":[{"embeddable":true,"href":"http:\/\/www.portalmantena.com.br\/novo\/index.php?rest_route=%2Fwp%2Fv2%2Fcomments&post=15554"}],"version-history":[{"count":1,"href":"http:\/\/www.portalmantena.com.br\/novo\/index.php?rest_route=\/wp\/v2\/posts\/15554\/revisions"}],"predecessor-version":[{"id":15555,"href":"http:\/\/www.portalmantena.com.br\/novo\/index.php?rest_route=\/wp\/v2\/posts\/15554\/revisions\/15555"}],"wp:attachment":[{"href":"http:\/\/www.portalmantena.com.br\/novo\/index.php?rest_route=%2Fwp%2Fv2%2Fmedia&parent=15554"}],"wp:term":[{"taxonomy":"category","embeddable":true,"href":"http:\/\/www.portalmantena.com.br\/novo\/index.php?rest_route=%2Fwp%2Fv2%2Fcategories&post=15554"},{"taxonomy":"post_tag","embeddable":true,"href":"http:\/\/www.portalmantena.com.br\/novo\/index.php?rest_route=%2Fwp%2Fv2%2Ftags&post=15554"}],"curies":[{"name":"wp","href":"https:\/\/api.w.org\/{rel}","templated":true}]}}