{"id":1554,"date":"2017-02-21T17:48:07","date_gmt":"2017-02-21T17:48:07","guid":{"rendered":"http:\/\/www.portalmantena.com.br\/novo\/?p=1554"},"modified":"2017-02-21T17:48:07","modified_gmt":"2017-02-21T17:48:07","slug":"universitarios-mantenenses-voltam-as-aulas-em-nova-venecia-em-clima-de-inseguranca","status":"publish","type":"post","link":"http:\/\/www.portalmantena.com.br\/novo\/?p=1554","title":{"rendered":"Universit\u00e1rios mantenenses voltam \u00e0s aulas em Nova Ven\u00e9cia em clima de inseguran\u00e7a"},"content":{"rendered":"<p><a href=\"http:\/\/www.portalmantena.com.br\/novo\/wp-content\/uploads\/2017\/02\/no210217alunos.jpg\"><img loading=\"lazy\" class=\"alignnone size-full wp-image-1555\" src=\"http:\/\/www.portalmantena.com.br\/novo\/wp-content\/uploads\/2017\/02\/no210217alunos.jpg\" alt=\"\" width=\"700\" height=\"450\" srcset=\"http:\/\/www.portalmantena.com.br\/novo\/wp-content\/uploads\/2017\/02\/no210217alunos.jpg 700w, http:\/\/www.portalmantena.com.br\/novo\/wp-content\/uploads\/2017\/02\/no210217alunos-300x193.jpg 300w, http:\/\/www.portalmantena.com.br\/novo\/wp-content\/uploads\/2017\/02\/no210217alunos-696x447.jpg 696w, http:\/\/www.portalmantena.com.br\/novo\/wp-content\/uploads\/2017\/02\/no210217alunos-653x420.jpg 653w\" sizes=\"(max-width: 700px) 100vw, 700px\" \/><\/a><\/p>\n<p style=\"margin: 0cm; margin-bottom: .0001pt; line-height: 17.4pt;\"><span style=\"font-family: Arial, sans-serif; color: #333333; letter-spacing: -0.25pt; font-size: 14pt;\">Mesmo temerosos com a poss\u00edvel falta de seguran\u00e7a, jovens universit\u00e1rios mantenenses voltaram \u00e0s aulas nesta segunda-feira (20) na MULTIVIX em Nova Ven\u00e9cia. <\/span><\/p>\n<p style=\"margin: 0cm; margin-bottom: .0001pt; line-height: 17.4pt;\"><span style=\"font-family: Arial, sans-serif; color: #333333; letter-spacing: -0.25pt; font-size: 14pt;\">Os \u00f4nibus que transportam os alunos at\u00e9 a cidade capixaba, fizeram a primeira viagem nesta segunda-feira, mesmo alguns alunos, e claro seus pais, temendo pela seguran\u00e7a na cidade capixaba uma vez que o estado do Esp\u00edrito Santo ainda sofre com a paraliza\u00e7\u00e3o dos policiais militares. <\/span><\/p>\n<p style=\"margin: 0cm; margin-bottom: .0001pt; line-height: 17.4pt;\">\n<p style=\"margin: 0cm; margin-bottom: .0001pt; line-height: 17.4pt;\"><span style=\"font-family: Arial, sans-serif; color: #333333; letter-spacing: -0.25pt; font-size: 14pt;\">No entanto, em conversa com um dos alunos que estiveram nesta segunda-feira na primeira aula do ano, ele nos relatou que a situa\u00e7\u00e3o est\u00e1 tranquila, a faculdade funcionou normalmente, inclusive com seguran\u00e7as contratados pela institui\u00e7\u00e3o, dando todo suporte aos alunos. <\/span><\/p>\n<p style=\"margin: 0cm; margin-bottom: .0001pt; line-height: 17.4pt;\">\n<p style=\"margin: 0cm; margin-bottom: .0001pt; line-height: 17.4pt;\"><span style=\"font-family: Arial, sans-serif; color: #333333; letter-spacing: -0.25pt; font-size: 14pt;\">Desde a chegada dos \u00f4nibus bem como na sa\u00edda, tudo transcorreu dentro da normalidade. Isso tranquiliza um pouco aos pais que j\u00e1 ficam preocupados com o transporte, e agora tamb\u00e9m com a quest\u00e3o da seguran\u00e7a, pois temem assaltos e roubos principalmente em se tratando da presen\u00e7a de muitos jovens. <\/span><\/p>\n","protected":false},"excerpt":{"rendered":"<p>Mesmo temerosos com a poss\u00edvel falta de seguran\u00e7a, jovens universit\u00e1rios mantenenses voltaram \u00e0s aulas nesta segunda-feira (20) na MULTIVIX em Nova Ven\u00e9cia. Os \u00f4nibus que transportam os alunos at\u00e9 a cidade capixaba, fizeram a primeira viagem nesta segunda-feira, mesmo alguns alunos, e claro seus pais, temendo pela seguran\u00e7a na cidade capixaba uma vez que o [&hellip;]<\/p>\n","protected":false},"author":1,"featured_media":1555,"comment_status":"open","ping_status":"open","sticky":false,"template":"","format":"standard","meta":[],"categories":[11],"tags":[],"_links":{"self":[{"href":"http:\/\/www.portalmantena.com.br\/novo\/index.php?rest_route=\/wp\/v2\/posts\/1554"}],"collection":[{"href":"http:\/\/www.portalmantena.com.br\/novo\/index.php?rest_route=\/wp\/v2\/posts"}],"about":[{"href":"http:\/\/www.portalmantena.com.br\/novo\/index.php?rest_route=\/wp\/v2\/types\/post"}],"author":[{"embeddable":true,"href":"http:\/\/www.portalmantena.com.br\/novo\/index.php?rest_route=\/wp\/v2\/users\/1"}],"replies":[{"embeddable":true,"href":"http:\/\/www.portalmantena.com.br\/novo\/index.php?rest_route=%2Fwp%2Fv2%2Fcomments&post=1554"}],"version-history":[{"count":1,"href":"http:\/\/www.portalmantena.com.br\/novo\/index.php?rest_route=\/wp\/v2\/posts\/1554\/revisions"}],"predecessor-version":[{"id":1556,"href":"http:\/\/www.portalmantena.com.br\/novo\/index.php?rest_route=\/wp\/v2\/posts\/1554\/revisions\/1556"}],"wp:featuredmedia":[{"embeddable":true,"href":"http:\/\/www.portalmantena.com.br\/novo\/index.php?rest_route=\/wp\/v2\/media\/1555"}],"wp:attachment":[{"href":"http:\/\/www.portalmantena.com.br\/novo\/index.php?rest_route=%2Fwp%2Fv2%2Fmedia&parent=1554"}],"wp:term":[{"taxonomy":"category","embeddable":true,"href":"http:\/\/www.portalmantena.com.br\/novo\/index.php?rest_route=%2Fwp%2Fv2%2Fcategories&post=1554"},{"taxonomy":"post_tag","embeddable":true,"href":"http:\/\/www.portalmantena.com.br\/novo\/index.php?rest_route=%2Fwp%2Fv2%2Ftags&post=1554"}],"curies":[{"name":"wp","href":"https:\/\/api.w.org\/{rel}","templated":true}]}}