{"id":1507,"date":"2017-02-21T12:43:58","date_gmt":"2017-02-21T12:43:58","guid":{"rendered":"http:\/\/www.portalmantena.com.br\/novo\/?p=1507"},"modified":"2017-02-21T17:27:44","modified_gmt":"2017-02-21T17:27:44","slug":"segunda-feira-chuvosa-com-rajada-de-vento-de-40-kmh","status":"publish","type":"post","link":"http:\/\/www.portalmantena.com.br\/novo\/?p=1507","title":{"rendered":"A segunda-feira foi chuvosa com rajada de vento de 40 km\/h"},"content":{"rendered":"<p><a href=\"http:\/\/www.portalmantena.com.br\/novo\/wp-content\/uploads\/2017\/02\/no210217chuvas4.jpg\"><img loading=\"lazy\" class=\"alignnone size-full wp-image-1511\" src=\"http:\/\/www.portalmantena.com.br\/novo\/wp-content\/uploads\/2017\/02\/no210217chuvas4.jpg\" alt=\"\" width=\"700\" height=\"450\" srcset=\"http:\/\/www.portalmantena.com.br\/novo\/wp-content\/uploads\/2017\/02\/no210217chuvas4.jpg 700w, http:\/\/www.portalmantena.com.br\/novo\/wp-content\/uploads\/2017\/02\/no210217chuvas4-300x193.jpg 300w, http:\/\/www.portalmantena.com.br\/novo\/wp-content\/uploads\/2017\/02\/no210217chuvas4-696x447.jpg 696w, http:\/\/www.portalmantena.com.br\/novo\/wp-content\/uploads\/2017\/02\/no210217chuvas4-653x420.jpg 653w\" sizes=\"(max-width: 700px) 100vw, 700px\" \/><\/a><\/p>\n<p><span style=\"font-size: 14pt;\">O m\u00eas de fevereiro tem sido diferenciado em Mantena, com a chuva caindo sobre a cidade praticamente desde o in\u00edcio do m\u00eas. Al\u00e9m da chuva, a presen\u00e7a do arco-iris sobre a cidade tem sido constante uma vez que a chuva vem e em seguida o sol forte brilha. <\/span><\/p>\n<p><span style=\"font-size: 14pt;\">No entanto, na tarde desta segunda-feira dia 20 de fevereiro, al\u00e9m da chuva por volta das 15 horas o c\u00e9u se fechou e rajadas de vento forte atingiram o centro da cidade. Felizmente nenhum preju\u00edzo foi registrado, seja com telhas arrancadas ou placas do com\u00e9rcio local, no entanto foi registrado pela Esta\u00e7\u00e3o Meteorol\u00f3gica instalada na ETA\/SAAE, rajadas de 40 km\/h. <\/span><\/p>\n<p><span style=\"font-size: 14pt;\">J\u00e1 a chuva vem concentrada mas moderada, choveu nesta segunda-feira cerca de 24 mil\u00edmetros sobre a cidade, alagando algumas ruas, mas dentro da normalidade, sem altera\u00e7\u00f5es, o mesmo acontecendo com o n\u00edvel do c\u00f3rrego S\u00e3o Francisco que continua com sua vaz\u00e3o normal. <\/span><\/p>\n<p><span style=\"font-size: 14pt;\">Um dos problemas que a nossa reda\u00e7\u00e3o registrou pela cidade, \u00e9 novamente bueiros entupidos com lixo, infelizmente alguns cidad\u00e3os ainda n\u00e3o aprenderam que lugar de lixo \u00e9 no lixo, e descaram sacolas, pap\u00e9is diversos em plena via p\u00fablica e com as chuvas o resultado s\u00e3o transtornos para a cidade com alagamentos, muitos deles provocados por bueiros cheios de lixo (foto).<\/span><\/p>\n<p><a href=\"http:\/\/www.portalmantena.com.br\/novo\/wp-content\/uploads\/2017\/02\/no210217chuvas1.jpg\"><img loading=\"lazy\" class=\"alignnone size-full wp-image-1508\" src=\"http:\/\/www.portalmantena.com.br\/novo\/wp-content\/uploads\/2017\/02\/no210217chuvas1.jpg\" alt=\"\" width=\"700\" height=\"450\" srcset=\"http:\/\/www.portalmantena.com.br\/novo\/wp-content\/uploads\/2017\/02\/no210217chuvas1.jpg 700w, http:\/\/www.portalmantena.com.br\/novo\/wp-content\/uploads\/2017\/02\/no210217chuvas1-300x193.jpg 300w, http:\/\/www.portalmantena.com.br\/novo\/wp-content\/uploads\/2017\/02\/no210217chuvas1-696x447.jpg 696w, http:\/\/www.portalmantena.com.br\/novo\/wp-content\/uploads\/2017\/02\/no210217chuvas1-653x420.jpg 653w\" sizes=\"(max-width: 700px) 100vw, 700px\" \/><\/a> <a href=\"http:\/\/www.portalmantena.com.br\/novo\/wp-content\/uploads\/2017\/02\/no210217chuvas2.jpg\"><img loading=\"lazy\" class=\"alignnone size-full wp-image-1509\" src=\"http:\/\/www.portalmantena.com.br\/novo\/wp-content\/uploads\/2017\/02\/no210217chuvas2.jpg\" alt=\"\" width=\"700\" height=\"450\" srcset=\"http:\/\/www.portalmantena.com.br\/novo\/wp-content\/uploads\/2017\/02\/no210217chuvas2.jpg 700w, http:\/\/www.portalmantena.com.br\/novo\/wp-content\/uploads\/2017\/02\/no210217chuvas2-300x193.jpg 300w, http:\/\/www.portalmantena.com.br\/novo\/wp-content\/uploads\/2017\/02\/no210217chuvas2-696x447.jpg 696w, http:\/\/www.portalmantena.com.br\/novo\/wp-content\/uploads\/2017\/02\/no210217chuvas2-653x420.jpg 653w\" sizes=\"(max-width: 700px) 100vw, 700px\" \/><\/a> <a href=\"http:\/\/www.portalmantena.com.br\/novo\/wp-content\/uploads\/2017\/02\/no210217chuvas3.jpg\"><img loading=\"lazy\" class=\"alignnone size-full wp-image-1510\" src=\"http:\/\/www.portalmantena.com.br\/novo\/wp-content\/uploads\/2017\/02\/no210217chuvas3.jpg\" alt=\"\" width=\"700\" height=\"450\" srcset=\"http:\/\/www.portalmantena.com.br\/novo\/wp-content\/uploads\/2017\/02\/no210217chuvas3.jpg 700w, http:\/\/www.portalmantena.com.br\/novo\/wp-content\/uploads\/2017\/02\/no210217chuvas3-300x193.jpg 300w, http:\/\/www.portalmantena.com.br\/novo\/wp-content\/uploads\/2017\/02\/no210217chuvas3-696x447.jpg 696w, http:\/\/www.portalmantena.com.br\/novo\/wp-content\/uploads\/2017\/02\/no210217chuvas3-653x420.jpg 653w\" sizes=\"(max-width: 700px) 100vw, 700px\" \/><\/a><\/p>\n","protected":false},"excerpt":{"rendered":"<p>O m\u00eas de fevereiro tem sido diferenciado em Mantena, com a chuva caindo sobre a cidade praticamente desde o in\u00edcio do m\u00eas. Al\u00e9m da chuva, a presen\u00e7a do arco-iris sobre a cidade tem sido constante uma vez que a chuva vem e em seguida o sol forte brilha. No entanto, na tarde desta segunda-feira dia [&hellip;]<\/p>\n","protected":false},"author":1,"featured_media":1511,"comment_status":"open","ping_status":"open","sticky":false,"template":"","format":"standard","meta":[],"categories":[36,12,11],"tags":[],"_links":{"self":[{"href":"http:\/\/www.portalmantena.com.br\/novo\/index.php?rest_route=\/wp\/v2\/posts\/1507"}],"collection":[{"href":"http:\/\/www.portalmantena.com.br\/novo\/index.php?rest_route=\/wp\/v2\/posts"}],"about":[{"href":"http:\/\/www.portalmantena.com.br\/novo\/index.php?rest_route=\/wp\/v2\/types\/post"}],"author":[{"embeddable":true,"href":"http:\/\/www.portalmantena.com.br\/novo\/index.php?rest_route=\/wp\/v2\/users\/1"}],"replies":[{"embeddable":true,"href":"http:\/\/www.portalmantena.com.br\/novo\/index.php?rest_route=%2Fwp%2Fv2%2Fcomments&post=1507"}],"version-history":[{"count":2,"href":"http:\/\/www.portalmantena.com.br\/novo\/index.php?rest_route=\/wp\/v2\/posts\/1507\/revisions"}],"predecessor-version":[{"id":1521,"href":"http:\/\/www.portalmantena.com.br\/novo\/index.php?rest_route=\/wp\/v2\/posts\/1507\/revisions\/1521"}],"wp:featuredmedia":[{"embeddable":true,"href":"http:\/\/www.portalmantena.com.br\/novo\/index.php?rest_route=\/wp\/v2\/media\/1511"}],"wp:attachment":[{"href":"http:\/\/www.portalmantena.com.br\/novo\/index.php?rest_route=%2Fwp%2Fv2%2Fmedia&parent=1507"}],"wp:term":[{"taxonomy":"category","embeddable":true,"href":"http:\/\/www.portalmantena.com.br\/novo\/index.php?rest_route=%2Fwp%2Fv2%2Fcategories&post=1507"},{"taxonomy":"post_tag","embeddable":true,"href":"http:\/\/www.portalmantena.com.br\/novo\/index.php?rest_route=%2Fwp%2Fv2%2Ftags&post=1507"}],"curies":[{"name":"wp","href":"https:\/\/api.w.org\/{rel}","templated":true}]}}