{"id":1497,"date":"2017-02-21T12:05:12","date_gmt":"2017-02-21T12:05:12","guid":{"rendered":"http:\/\/www.portalmantena.com.br\/novo\/?p=1497"},"modified":"2017-02-21T12:05:12","modified_gmt":"2017-02-21T12:05:12","slug":"reuniao-do-conselho-de-saude-de-mantena-nesta-quarta-feira","status":"publish","type":"post","link":"http:\/\/www.portalmantena.com.br\/novo\/?p=1497","title":{"rendered":"Reuni\u00e3o do Conselho de Sa\u00fade de Mantena nesta quarta-feira"},"content":{"rendered":"<p><span style=\"font-size: 14pt;\">Nesta quarta-feira dia 22 de fevereiro em Mantena, acontecer\u00e1 a segunda reuni\u00e3o do ano de 2017 do Conselho Municipal de Sa\u00fade. O encontro acontece nas depend\u00eancias na C\u00e2mara Municipal a partir das 19 horas. <\/span><\/p>\n<p><span style=\"font-size: 14pt;\">Todos os cidad\u00e3os mantenenses bem como todos os usu\u00e1rios do SUS est\u00e3o sendo convidados a participar deste momento importante onde assuntos diretamente ligados \u00e0 sa\u00fade da popula\u00e7\u00e3o s\u00e3o tratados, projetos e servi\u00e7os para o bem da sociedade mantenense.<\/span><\/p>\n","protected":false},"excerpt":{"rendered":"<p>Nesta quarta-feira dia 22 de fevereiro em Mantena, acontecer\u00e1 a segunda reuni\u00e3o do ano de 2017 do Conselho Municipal de Sa\u00fade. O encontro acontece nas depend\u00eancias na C\u00e2mara Municipal a partir das 19 horas. Todos os cidad\u00e3os mantenenses bem como todos os usu\u00e1rios do SUS est\u00e3o sendo convidados a participar deste momento importante onde assuntos [&hellip;]<\/p>\n","protected":false},"author":1,"featured_media":0,"comment_status":"open","ping_status":"open","sticky":false,"template":"","format":"standard","meta":[],"categories":[24],"tags":[],"_links":{"self":[{"href":"http:\/\/www.portalmantena.com.br\/novo\/index.php?rest_route=\/wp\/v2\/posts\/1497"}],"collection":[{"href":"http:\/\/www.portalmantena.com.br\/novo\/index.php?rest_route=\/wp\/v2\/posts"}],"about":[{"href":"http:\/\/www.portalmantena.com.br\/novo\/index.php?rest_route=\/wp\/v2\/types\/post"}],"author":[{"embeddable":true,"href":"http:\/\/www.portalmantena.com.br\/novo\/index.php?rest_route=\/wp\/v2\/users\/1"}],"replies":[{"embeddable":true,"href":"http:\/\/www.portalmantena.com.br\/novo\/index.php?rest_route=%2Fwp%2Fv2%2Fcomments&post=1497"}],"version-history":[{"count":2,"href":"http:\/\/www.portalmantena.com.br\/novo\/index.php?rest_route=\/wp\/v2\/posts\/1497\/revisions"}],"predecessor-version":[{"id":1499,"href":"http:\/\/www.portalmantena.com.br\/novo\/index.php?rest_route=\/wp\/v2\/posts\/1497\/revisions\/1499"}],"wp:attachment":[{"href":"http:\/\/www.portalmantena.com.br\/novo\/index.php?rest_route=%2Fwp%2Fv2%2Fmedia&parent=1497"}],"wp:term":[{"taxonomy":"category","embeddable":true,"href":"http:\/\/www.portalmantena.com.br\/novo\/index.php?rest_route=%2Fwp%2Fv2%2Fcategories&post=1497"},{"taxonomy":"post_tag","embeddable":true,"href":"http:\/\/www.portalmantena.com.br\/novo\/index.php?rest_route=%2Fwp%2Fv2%2Ftags&post=1497"}],"curies":[{"name":"wp","href":"https:\/\/api.w.org\/{rel}","templated":true}]}}