{"id":1493,"date":"2017-02-20T19:44:54","date_gmt":"2017-02-20T19:44:54","guid":{"rendered":"http:\/\/www.portalmantena.com.br\/novo\/?p=1493"},"modified":"2017-02-20T19:44:54","modified_gmt":"2017-02-20T19:44:54","slug":"dona-delminda-completando-92-anos-em-brasilia","status":"publish","type":"post","link":"http:\/\/www.portalmantena.com.br\/novo\/?p=1493","title":{"rendered":"Dona Delminda, completando 92 anos em Bras\u00edlia"},"content":{"rendered":"<p><a href=\"http:\/\/www.portalmantena.com.br\/novo\/wp-content\/uploads\/2017\/02\/vi200217luci1.jpg\"><img loading=\"lazy\" class=\"alignnone size-full wp-image-1494\" src=\"http:\/\/www.portalmantena.com.br\/novo\/wp-content\/uploads\/2017\/02\/vi200217luci1.jpg\" alt=\"\" width=\"700\" height=\"450\" srcset=\"http:\/\/www.portalmantena.com.br\/novo\/wp-content\/uploads\/2017\/02\/vi200217luci1.jpg 700w, http:\/\/www.portalmantena.com.br\/novo\/wp-content\/uploads\/2017\/02\/vi200217luci1-300x193.jpg 300w, http:\/\/www.portalmantena.com.br\/novo\/wp-content\/uploads\/2017\/02\/vi200217luci1-696x447.jpg 696w, http:\/\/www.portalmantena.com.br\/novo\/wp-content\/uploads\/2017\/02\/vi200217luci1-653x420.jpg 653w\" sizes=\"(max-width: 700px) 100vw, 700px\" \/><\/a><\/p>\n<p><span style=\"font-size: 14pt;\">Que dia especial, data importante e com direito a muitas comemora\u00e7\u00f5es, dona Delminda Faustina da Luz, que \u00e9 m\u00e3e da conhecida Lucy Alvim (mantenense ausente), completando mais um ano de vida. <\/span><\/p>\n<p><span style=\"font-size: 14pt;\">Ali\u00e1s, ela completa 92 anos de vida no pr\u00f3ximo dia 23 de fevereiro, mas as comemora\u00e7\u00f5es j\u00e1 come\u00e7aram em Bras\u00edlia onde mora hoje boa parte da fam\u00edlia. Dona Delminda que por mais de 60 anos morou em Mantena, e agora \u00e9 tamb\u00e9m uma mantenense ausente, recebe aqui nossas felicita\u00e7\u00f5es bem como de toda fam\u00edlia e amigos.<\/span><\/p>\n<p><a href=\"http:\/\/www.portalmantena.com.br\/novo\/wp-content\/uploads\/2017\/02\/vi200217luci2.jpg\"><img loading=\"lazy\" class=\"alignnone size-full wp-image-1495\" src=\"http:\/\/www.portalmantena.com.br\/novo\/wp-content\/uploads\/2017\/02\/vi200217luci2.jpg\" alt=\"\" width=\"700\" height=\"450\" srcset=\"http:\/\/www.portalmantena.com.br\/novo\/wp-content\/uploads\/2017\/02\/vi200217luci2.jpg 700w, http:\/\/www.portalmantena.com.br\/novo\/wp-content\/uploads\/2017\/02\/vi200217luci2-300x193.jpg 300w, http:\/\/www.portalmantena.com.br\/novo\/wp-content\/uploads\/2017\/02\/vi200217luci2-696x447.jpg 696w, http:\/\/www.portalmantena.com.br\/novo\/wp-content\/uploads\/2017\/02\/vi200217luci2-653x420.jpg 653w\" sizes=\"(max-width: 700px) 100vw, 700px\" \/><\/a><\/p>\n","protected":false},"excerpt":{"rendered":"<p>Que dia especial, data importante e com direito a muitas comemora\u00e7\u00f5es, dona Delminda Faustina da Luz, que \u00e9 m\u00e3e da conhecida Lucy Alvim (mantenense ausente), completando mais um ano de vida. Ali\u00e1s, ela completa 92 anos de vida no pr\u00f3ximo dia 23 de fevereiro, mas as comemora\u00e7\u00f5es j\u00e1 come\u00e7aram em Bras\u00edlia onde mora hoje boa [&hellip;]<\/p>\n","protected":false},"author":1,"featured_media":1494,"comment_status":"open","ping_status":"open","sticky":false,"template":"","format":"standard","meta":[],"categories":[7],"tags":[],"_links":{"self":[{"href":"http:\/\/www.portalmantena.com.br\/novo\/index.php?rest_route=\/wp\/v2\/posts\/1493"}],"collection":[{"href":"http:\/\/www.portalmantena.com.br\/novo\/index.php?rest_route=\/wp\/v2\/posts"}],"about":[{"href":"http:\/\/www.portalmantena.com.br\/novo\/index.php?rest_route=\/wp\/v2\/types\/post"}],"author":[{"embeddable":true,"href":"http:\/\/www.portalmantena.com.br\/novo\/index.php?rest_route=\/wp\/v2\/users\/1"}],"replies":[{"embeddable":true,"href":"http:\/\/www.portalmantena.com.br\/novo\/index.php?rest_route=%2Fwp%2Fv2%2Fcomments&post=1493"}],"version-history":[{"count":1,"href":"http:\/\/www.portalmantena.com.br\/novo\/index.php?rest_route=\/wp\/v2\/posts\/1493\/revisions"}],"predecessor-version":[{"id":1496,"href":"http:\/\/www.portalmantena.com.br\/novo\/index.php?rest_route=\/wp\/v2\/posts\/1493\/revisions\/1496"}],"wp:featuredmedia":[{"embeddable":true,"href":"http:\/\/www.portalmantena.com.br\/novo\/index.php?rest_route=\/wp\/v2\/media\/1494"}],"wp:attachment":[{"href":"http:\/\/www.portalmantena.com.br\/novo\/index.php?rest_route=%2Fwp%2Fv2%2Fmedia&parent=1493"}],"wp:term":[{"taxonomy":"category","embeddable":true,"href":"http:\/\/www.portalmantena.com.br\/novo\/index.php?rest_route=%2Fwp%2Fv2%2Fcategories&post=1493"},{"taxonomy":"post_tag","embeddable":true,"href":"http:\/\/www.portalmantena.com.br\/novo\/index.php?rest_route=%2Fwp%2Fv2%2Ftags&post=1493"}],"curies":[{"name":"wp","href":"https:\/\/api.w.org\/{rel}","templated":true}]}}