{"id":1479,"date":"2017-02-20T17:15:59","date_gmt":"2017-02-20T17:15:59","guid":{"rendered":"http:\/\/www.portalmantena.com.br\/novo\/?p=1479"},"modified":"2017-02-20T17:15:59","modified_gmt":"2017-02-20T17:15:59","slug":"tres-sao-apreendidos-por-trafico-de-drogas-em-cuparaque","status":"publish","type":"post","link":"http:\/\/www.portalmantena.com.br\/novo\/?p=1479","title":{"rendered":"Tr\u00eas s\u00e3o apreendidos por tr\u00e1fico de drogas em Cuparaque"},"content":{"rendered":"<p><a href=\"http:\/\/www.portalmantena.com.br\/novo\/wp-content\/uploads\/2017\/02\/no200217droga.jpg\"><img loading=\"lazy\" class=\"alignnone size-full wp-image-1480\" src=\"http:\/\/www.portalmantena.com.br\/novo\/wp-content\/uploads\/2017\/02\/no200217droga.jpg\" alt=\"\" width=\"700\" height=\"450\" srcset=\"http:\/\/www.portalmantena.com.br\/novo\/wp-content\/uploads\/2017\/02\/no200217droga.jpg 700w, http:\/\/www.portalmantena.com.br\/novo\/wp-content\/uploads\/2017\/02\/no200217droga-300x193.jpg 300w, http:\/\/www.portalmantena.com.br\/novo\/wp-content\/uploads\/2017\/02\/no200217droga-696x447.jpg 696w, http:\/\/www.portalmantena.com.br\/novo\/wp-content\/uploads\/2017\/02\/no200217droga-653x420.jpg 653w\" sizes=\"(max-width: 700px) 100vw, 700px\" \/><\/a><\/p>\n<p><span style=\"font-size: 14pt;\">Tr\u00eas adolescentes foram presos em Cuparaque na quinta-feira dia 16 de fevereiro envolvidos com o tr\u00e1fico de drogas. Eles foram detidos em flagrante enquanto faziam entrega de drogas. Segundo informa\u00e7\u00f5es, ao avistarem a viatura da Pol\u00edcia Militar tentaram fugir mas foram perseguidos e abordados. <\/span><\/p>\n<p><span style=\"font-size: 14pt;\">Com a garota (um dos envolvidos), foram encontradas pelos militares 08 pedras de crack e uma certa quantidade de dinheiro oriundo da venda das drogas. Os pol\u00edcias tamb\u00e9m encontram no local v\u00e1rias aves da fauna silvestre sem a devida autoriza\u00e7\u00e3o para cria\u00e7\u00e3o. <\/span><\/p>\n<p><span style=\"font-size: 14pt;\">Os tr\u00eas foram apreendidos pelo crimes de tr\u00e1fico de drogas juntamente com os materiais e encaminhados para a delegacia em Governador Valadares, juntamente com suas m\u00e3es.(fonte\/foto:noticiasnoleste)<\/span><\/p>\n","protected":false},"excerpt":{"rendered":"<p>Tr\u00eas adolescentes foram presos em Cuparaque na quinta-feira dia 16 de fevereiro envolvidos com o tr\u00e1fico de drogas. Eles foram detidos em flagrante enquanto faziam entrega de drogas. Segundo informa\u00e7\u00f5es, ao avistarem a viatura da Pol\u00edcia Militar tentaram fugir mas foram perseguidos e abordados. Com a garota (um dos envolvidos), foram encontradas pelos militares 08 [&hellip;]<\/p>\n","protected":false},"author":1,"featured_media":1480,"comment_status":"open","ping_status":"open","sticky":false,"template":"","format":"standard","meta":[],"categories":[11,34],"tags":[],"_links":{"self":[{"href":"http:\/\/www.portalmantena.com.br\/novo\/index.php?rest_route=\/wp\/v2\/posts\/1479"}],"collection":[{"href":"http:\/\/www.portalmantena.com.br\/novo\/index.php?rest_route=\/wp\/v2\/posts"}],"about":[{"href":"http:\/\/www.portalmantena.com.br\/novo\/index.php?rest_route=\/wp\/v2\/types\/post"}],"author":[{"embeddable":true,"href":"http:\/\/www.portalmantena.com.br\/novo\/index.php?rest_route=\/wp\/v2\/users\/1"}],"replies":[{"embeddable":true,"href":"http:\/\/www.portalmantena.com.br\/novo\/index.php?rest_route=%2Fwp%2Fv2%2Fcomments&post=1479"}],"version-history":[{"count":1,"href":"http:\/\/www.portalmantena.com.br\/novo\/index.php?rest_route=\/wp\/v2\/posts\/1479\/revisions"}],"predecessor-version":[{"id":1481,"href":"http:\/\/www.portalmantena.com.br\/novo\/index.php?rest_route=\/wp\/v2\/posts\/1479\/revisions\/1481"}],"wp:featuredmedia":[{"embeddable":true,"href":"http:\/\/www.portalmantena.com.br\/novo\/index.php?rest_route=\/wp\/v2\/media\/1480"}],"wp:attachment":[{"href":"http:\/\/www.portalmantena.com.br\/novo\/index.php?rest_route=%2Fwp%2Fv2%2Fmedia&parent=1479"}],"wp:term":[{"taxonomy":"category","embeddable":true,"href":"http:\/\/www.portalmantena.com.br\/novo\/index.php?rest_route=%2Fwp%2Fv2%2Fcategories&post=1479"},{"taxonomy":"post_tag","embeddable":true,"href":"http:\/\/www.portalmantena.com.br\/novo\/index.php?rest_route=%2Fwp%2Fv2%2Ftags&post=1479"}],"curies":[{"name":"wp","href":"https:\/\/api.w.org\/{rel}","templated":true}]}}