{"id":1463,"date":"2017-02-20T16:07:55","date_gmt":"2017-02-20T16:07:55","guid":{"rendered":"http:\/\/www.portalmantena.com.br\/novo\/?p=1463"},"modified":"2017-02-20T16:07:55","modified_gmt":"2017-02-20T16:07:55","slug":"fred-massacra-o-america-mg-e-galo-goleia-para-se-isolar-na-lideranca","status":"publish","type":"post","link":"http:\/\/www.portalmantena.com.br\/novo\/?p=1463","title":{"rendered":"Fred massacra o Am\u00e9rica-MG, e Galo goleia para se isolar na lideran\u00e7a"},"content":{"rendered":"<p><a href=\"http:\/\/www.portalmantena.com.br\/novo\/wp-content\/uploads\/2017\/02\/es200217galo.jpg\"><img loading=\"lazy\" class=\"alignnone size-full wp-image-1464\" src=\"http:\/\/www.portalmantena.com.br\/novo\/wp-content\/uploads\/2017\/02\/es200217galo.jpg\" alt=\"\" width=\"650\" height=\"420\" srcset=\"http:\/\/www.portalmantena.com.br\/novo\/wp-content\/uploads\/2017\/02\/es200217galo.jpg 650w, http:\/\/www.portalmantena.com.br\/novo\/wp-content\/uploads\/2017\/02\/es200217galo-300x194.jpg 300w\" sizes=\"(max-width: 650px) 100vw, 650px\" \/><\/a><\/p>\n<p><span style=\"color: #003366; font-size: 14pt;\">Fred massacra o Am\u00e9rica-MG, e Galo goleia para se isolar na lideran\u00e7a<\/span><\/p>\n<p><span style=\"font-size: 14pt;\">&gt;&gt;&gt;Sem d\u00f3 nem piedade! Assim foi Fred contra o ex-clube. Com tr\u00eas gols e uma assist\u00eancia, o camisa 9 do Atl\u00e9tico-MG foi o nome da vit\u00f3ria alvinegra sobre o Am\u00e9rica-MG, por 4 a 1, no Mineir\u00e3o. O triunfo mant\u00e9m o Galo na lideran\u00e7a, agora isolada, do Campeonato Mineiro, com 12 pontos. O Coelho, com cinco pontos, caiu para a s\u00e9tima posi\u00e7\u00e3o, mas pode ser ultrapassado nesta rodada para o Villa Nova, caso o Le\u00e3o ven\u00e7a o Democrata GV, nesta segunda-feira, \u00e0s 20h (de Bras\u00edlia), em Governador Valadares. O Am\u00e9rica-MG marcou com Hugo Almeida e foi um advers\u00e1rio valente, chegando a pressionar o time de Roger Machado quando o placar demonstrava 2 a 1. Mas o Galo foi implac\u00e1vel nos contra-ataques e liquidou a fatura, para coroar o grande jogo do artilheiro do Mineiro, com cinco gols, e do Atl\u00e9tico-MG na temporada, com seis. No pr\u00f3ximo final de semana, o Atl\u00e9tico-MG volta a campo no s\u00e1bado, em Governador Valadares, onde encara o Democrata GV, \u00e0s 17h (de Bras\u00edlia). J\u00e1 o Am\u00e9rica-MG pega o Murici, em Alagoas, na pr\u00f3xima quarta-feira, dia 22, \u00e0s 16h (de Bras\u00edlia). (fonte\/foto:globo)<\/span><\/p>\n","protected":false},"excerpt":{"rendered":"<p>Fred massacra o Am\u00e9rica-MG, e Galo goleia para se isolar na lideran\u00e7a &gt;&gt;&gt;Sem d\u00f3 nem piedade! Assim foi Fred contra o ex-clube. Com tr\u00eas gols e uma assist\u00eancia, o camisa 9 do Atl\u00e9tico-MG foi o nome da vit\u00f3ria alvinegra sobre o Am\u00e9rica-MG, por 4 a 1, no Mineir\u00e3o. O triunfo mant\u00e9m o Galo na lideran\u00e7a, [&hellip;]<\/p>\n","protected":false},"author":1,"featured_media":1464,"comment_status":"open","ping_status":"open","sticky":false,"template":"","format":"standard","meta":[],"categories":[22],"tags":[],"_links":{"self":[{"href":"http:\/\/www.portalmantena.com.br\/novo\/index.php?rest_route=\/wp\/v2\/posts\/1463"}],"collection":[{"href":"http:\/\/www.portalmantena.com.br\/novo\/index.php?rest_route=\/wp\/v2\/posts"}],"about":[{"href":"http:\/\/www.portalmantena.com.br\/novo\/index.php?rest_route=\/wp\/v2\/types\/post"}],"author":[{"embeddable":true,"href":"http:\/\/www.portalmantena.com.br\/novo\/index.php?rest_route=\/wp\/v2\/users\/1"}],"replies":[{"embeddable":true,"href":"http:\/\/www.portalmantena.com.br\/novo\/index.php?rest_route=%2Fwp%2Fv2%2Fcomments&post=1463"}],"version-history":[{"count":1,"href":"http:\/\/www.portalmantena.com.br\/novo\/index.php?rest_route=\/wp\/v2\/posts\/1463\/revisions"}],"predecessor-version":[{"id":1465,"href":"http:\/\/www.portalmantena.com.br\/novo\/index.php?rest_route=\/wp\/v2\/posts\/1463\/revisions\/1465"}],"wp:featuredmedia":[{"embeddable":true,"href":"http:\/\/www.portalmantena.com.br\/novo\/index.php?rest_route=\/wp\/v2\/media\/1464"}],"wp:attachment":[{"href":"http:\/\/www.portalmantena.com.br\/novo\/index.php?rest_route=%2Fwp%2Fv2%2Fmedia&parent=1463"}],"wp:term":[{"taxonomy":"category","embeddable":true,"href":"http:\/\/www.portalmantena.com.br\/novo\/index.php?rest_route=%2Fwp%2Fv2%2Fcategories&post=1463"},{"taxonomy":"post_tag","embeddable":true,"href":"http:\/\/www.portalmantena.com.br\/novo\/index.php?rest_route=%2Fwp%2Fv2%2Ftags&post=1463"}],"curies":[{"name":"wp","href":"https:\/\/api.w.org\/{rel}","templated":true}]}}