{"id":1444,"date":"2017-02-20T14:29:06","date_gmt":"2017-02-20T14:29:06","guid":{"rendered":"http:\/\/www.portalmantena.com.br\/novo\/?p=1444"},"modified":"2017-02-20T14:29:06","modified_gmt":"2017-02-20T14:29:06","slug":"ciclista-de-64-anos-morre-atropelado-por-uma-moto-em-pancas","status":"publish","type":"post","link":"http:\/\/www.portalmantena.com.br\/novo\/?p=1444","title":{"rendered":"Ciclista de 64 anos morre atropelado por uma moto em Pancas"},"content":{"rendered":"<p><a href=\"http:\/\/www.portalmantena.com.br\/novo\/wp-content\/uploads\/2017\/02\/no200217bike.jpg\"><img loading=\"lazy\" class=\"alignnone size-full wp-image-1445\" src=\"http:\/\/www.portalmantena.com.br\/novo\/wp-content\/uploads\/2017\/02\/no200217bike.jpg\" alt=\"\" width=\"700\" height=\"450\" srcset=\"http:\/\/www.portalmantena.com.br\/novo\/wp-content\/uploads\/2017\/02\/no200217bike.jpg 700w, http:\/\/www.portalmantena.com.br\/novo\/wp-content\/uploads\/2017\/02\/no200217bike-300x193.jpg 300w, http:\/\/www.portalmantena.com.br\/novo\/wp-content\/uploads\/2017\/02\/no200217bike-696x447.jpg 696w, http:\/\/www.portalmantena.com.br\/novo\/wp-content\/uploads\/2017\/02\/no200217bike-653x420.jpg 653w\" sizes=\"(max-width: 700px) 100vw, 700px\" \/><\/a><\/p>\n<p><span style=\"font-size: 14pt;\">Um ciclista morreu ap\u00f3s ser atingido por uma motocicleta na tarde do \u00faltimo s\u00e1bado (18), na rodovia ES 341, no munic\u00edpio de Pancas. Segundo informa\u00e7\u00f5es de relatos de populares, Ant\u00f4nio Cardoso Gon\u00e7alves, de 64 anos, estava em sua bicicleta quando descia de uma via que d\u00e1 acesso ao Cordilheiras Clube de Pancas, e que fica \u00e0s margens da rodovia citada. A v\u00edtima adentrou na rodovia sendo atingida fortemente por uma motocicleta Honda CG (azul) que fazia o sentido Pancas-Colatina. <\/span><\/p>\n<p><span style=\"font-size: 14pt;\">Ainda de acordo com relatos de populares que foram passados \u00e0 Pol\u00edcia Militar, ap\u00f3s atingir o ciclista, o motociclista caiu da motocicleta, olhou a v\u00edtima ca\u00edda no ch\u00e3o e rapidamente sumiu do local. At\u00e9 o momento, o condutor n\u00e3o foi identificado. <\/span><\/p>\n<p><span style=\"font-size: 14pt;\">A PM fez buscas no local, mas n\u00e3o localizou o motociclista. A v\u00edtima foi socorrida por uma ambul\u00e2ncia da Prefeitura de Pancas e encaminhado \u00e0 Unidade de Sa\u00fade lll do munic\u00edpio, mas morreu logo em seguida. A bicicleta ficou ca\u00edda \u00e0 beira da rodovia toda retorcida. O caso ser\u00e1 investigado pela Delegacia de Pol\u00edcia Civil do munic\u00edpio. (fonte\/foto&gt;Virgilio Braga)<\/span><\/p>\n<p><a href=\"http:\/\/www.portalmantena.com.br\/novo\/wp-content\/uploads\/2017\/02\/no200217bike2.jpg\"><img loading=\"lazy\" class=\"alignnone size-full wp-image-1446\" src=\"http:\/\/www.portalmantena.com.br\/novo\/wp-content\/uploads\/2017\/02\/no200217bike2.jpg\" alt=\"\" width=\"700\" height=\"450\" srcset=\"http:\/\/www.portalmantena.com.br\/novo\/wp-content\/uploads\/2017\/02\/no200217bike2.jpg 700w, http:\/\/www.portalmantena.com.br\/novo\/wp-content\/uploads\/2017\/02\/no200217bike2-300x193.jpg 300w, http:\/\/www.portalmantena.com.br\/novo\/wp-content\/uploads\/2017\/02\/no200217bike2-696x447.jpg 696w, http:\/\/www.portalmantena.com.br\/novo\/wp-content\/uploads\/2017\/02\/no200217bike2-653x420.jpg 653w\" sizes=\"(max-width: 700px) 100vw, 700px\" \/><\/a><\/p>\n","protected":false},"excerpt":{"rendered":"<p>Um ciclista morreu ap\u00f3s ser atingido por uma motocicleta na tarde do \u00faltimo s\u00e1bado (18), na rodovia ES 341, no munic\u00edpio de Pancas. Segundo informa\u00e7\u00f5es de relatos de populares, Ant\u00f4nio Cardoso Gon\u00e7alves, de 64 anos, estava em sua bicicleta quando descia de uma via que d\u00e1 acesso ao Cordilheiras Clube de Pancas, e que fica [&hellip;]<\/p>\n","protected":false},"author":1,"featured_media":1446,"comment_status":"open","ping_status":"open","sticky":false,"template":"","format":"standard","meta":[],"categories":[11],"tags":[],"_links":{"self":[{"href":"http:\/\/www.portalmantena.com.br\/novo\/index.php?rest_route=\/wp\/v2\/posts\/1444"}],"collection":[{"href":"http:\/\/www.portalmantena.com.br\/novo\/index.php?rest_route=\/wp\/v2\/posts"}],"about":[{"href":"http:\/\/www.portalmantena.com.br\/novo\/index.php?rest_route=\/wp\/v2\/types\/post"}],"author":[{"embeddable":true,"href":"http:\/\/www.portalmantena.com.br\/novo\/index.php?rest_route=\/wp\/v2\/users\/1"}],"replies":[{"embeddable":true,"href":"http:\/\/www.portalmantena.com.br\/novo\/index.php?rest_route=%2Fwp%2Fv2%2Fcomments&post=1444"}],"version-history":[{"count":1,"href":"http:\/\/www.portalmantena.com.br\/novo\/index.php?rest_route=\/wp\/v2\/posts\/1444\/revisions"}],"predecessor-version":[{"id":1447,"href":"http:\/\/www.portalmantena.com.br\/novo\/index.php?rest_route=\/wp\/v2\/posts\/1444\/revisions\/1447"}],"wp:featuredmedia":[{"embeddable":true,"href":"http:\/\/www.portalmantena.com.br\/novo\/index.php?rest_route=\/wp\/v2\/media\/1446"}],"wp:attachment":[{"href":"http:\/\/www.portalmantena.com.br\/novo\/index.php?rest_route=%2Fwp%2Fv2%2Fmedia&parent=1444"}],"wp:term":[{"taxonomy":"category","embeddable":true,"href":"http:\/\/www.portalmantena.com.br\/novo\/index.php?rest_route=%2Fwp%2Fv2%2Fcategories&post=1444"},{"taxonomy":"post_tag","embeddable":true,"href":"http:\/\/www.portalmantena.com.br\/novo\/index.php?rest_route=%2Fwp%2Fv2%2Ftags&post=1444"}],"curies":[{"name":"wp","href":"https:\/\/api.w.org\/{rel}","templated":true}]}}