{"id":14267,"date":"2017-08-18T09:24:00","date_gmt":"2017-08-18T12:24:00","guid":{"rendered":"http:\/\/www.portalmantena.com.br\/novo\/?p=14267"},"modified":"2017-08-18T09:24:00","modified_gmt":"2017-08-18T12:24:00","slug":"ataque-terrorista-deixa-13-mortos-e-100-feridos-na-espanha","status":"publish","type":"post","link":"http:\/\/www.portalmantena.com.br\/novo\/?p=14267","title":{"rendered":"Ataque terrorista deixa 13 mortos e 100 feridos na Espanha"},"content":{"rendered":"<p><a href=\"http:\/\/www.portalmantena.com.br\/novo\/wp-content\/uploads\/2017\/08\/no180817mundo.jpg\"><img loading=\"lazy\" class=\"alignnone size-full wp-image-14268\" src=\"http:\/\/www.portalmantena.com.br\/novo\/wp-content\/uploads\/2017\/08\/no180817mundo.jpg\" alt=\"\" width=\"700\" height=\"450\" srcset=\"http:\/\/www.portalmantena.com.br\/novo\/wp-content\/uploads\/2017\/08\/no180817mundo.jpg 700w, http:\/\/www.portalmantena.com.br\/novo\/wp-content\/uploads\/2017\/08\/no180817mundo-300x193.jpg 300w, http:\/\/www.portalmantena.com.br\/novo\/wp-content\/uploads\/2017\/08\/no180817mundo-696x447.jpg 696w, http:\/\/www.portalmantena.com.br\/novo\/wp-content\/uploads\/2017\/08\/no180817mundo-653x420.jpg 653w\" sizes=\"(max-width: 700px) 100vw, 700px\" \/><\/a><\/p>\n<p><span style=\"font-size: 14pt;\">O motorista de uma van atropelou v\u00e1rias pessoas em La Rambla, via que fica em uma das regi\u00f5es mais tur\u00edsticas de Barcelona, na Espanha, nesta quinta-feira (17). <\/span><\/p>\n<p><span style=\"font-size: 14pt;\">Segundo o governo da Catalunha, foi um ato terrorista que matou 13 pessoas e deixou mais de 100 feridos \u2013 sendo 15 deles em estado grave. As v\u00edtimas s\u00e3o de, ao menos, 18 nacionalidades.\u00a0 A ag\u00eancia do Estado Isl\u00e2mico afirma que o grupo extremista reivindicou a autoria do ataque. <\/span><\/p>\n<p><span style=\"font-size: 14pt;\">As investiga\u00e7\u00f5es n\u00e3o confirmaram a informa\u00e7\u00e3o nem quantas pessoas teriam participado do atentado. Dois suspeitos foram presos: um espanhol e um marroquino. Mas nenhum deles era a pessoa que dirigia a van, segundo a pol\u00edcia. <\/span><\/p>\n<p><span style=\"font-size: 14pt;\">O jornal &#8220;El Pa\u00eds&#8221; noticiou que tr\u00eas alem\u00e3es est\u00e3o entre os mortos. Tamb\u00e9m haveria v\u00edtimas gregas e belgas. A EFE informou que dois argentinos \u2013 uma mulher de 67 anos e um homem de 37 \u2013 est\u00e3o entre os feridos. (Fonte:g1\/foto: Reprodu\u00e7\u00e3o\/Twitter\/Ricardbellis)<\/span><\/p>\n","protected":false},"excerpt":{"rendered":"<p>O motorista de uma van atropelou v\u00e1rias pessoas em La Rambla, via que fica em uma das regi\u00f5es mais tur\u00edsticas de Barcelona, na Espanha, nesta quinta-feira (17). Segundo o governo da Catalunha, foi um ato terrorista que matou 13 pessoas e deixou mais de 100 feridos \u2013 sendo 15 deles em estado grave. As v\u00edtimas [&hellip;]<\/p>\n","protected":false},"author":1,"featured_media":14268,"comment_status":"open","ping_status":"open","sticky":false,"template":"","format":"standard","meta":[],"categories":[51],"tags":[],"_links":{"self":[{"href":"http:\/\/www.portalmantena.com.br\/novo\/index.php?rest_route=\/wp\/v2\/posts\/14267"}],"collection":[{"href":"http:\/\/www.portalmantena.com.br\/novo\/index.php?rest_route=\/wp\/v2\/posts"}],"about":[{"href":"http:\/\/www.portalmantena.com.br\/novo\/index.php?rest_route=\/wp\/v2\/types\/post"}],"author":[{"embeddable":true,"href":"http:\/\/www.portalmantena.com.br\/novo\/index.php?rest_route=\/wp\/v2\/users\/1"}],"replies":[{"embeddable":true,"href":"http:\/\/www.portalmantena.com.br\/novo\/index.php?rest_route=%2Fwp%2Fv2%2Fcomments&post=14267"}],"version-history":[{"count":1,"href":"http:\/\/www.portalmantena.com.br\/novo\/index.php?rest_route=\/wp\/v2\/posts\/14267\/revisions"}],"predecessor-version":[{"id":14269,"href":"http:\/\/www.portalmantena.com.br\/novo\/index.php?rest_route=\/wp\/v2\/posts\/14267\/revisions\/14269"}],"wp:featuredmedia":[{"embeddable":true,"href":"http:\/\/www.portalmantena.com.br\/novo\/index.php?rest_route=\/wp\/v2\/media\/14268"}],"wp:attachment":[{"href":"http:\/\/www.portalmantena.com.br\/novo\/index.php?rest_route=%2Fwp%2Fv2%2Fmedia&parent=14267"}],"wp:term":[{"taxonomy":"category","embeddable":true,"href":"http:\/\/www.portalmantena.com.br\/novo\/index.php?rest_route=%2Fwp%2Fv2%2Fcategories&post=14267"},{"taxonomy":"post_tag","embeddable":true,"href":"http:\/\/www.portalmantena.com.br\/novo\/index.php?rest_route=%2Fwp%2Fv2%2Ftags&post=14267"}],"curies":[{"name":"wp","href":"https:\/\/api.w.org\/{rel}","templated":true}]}}